{"id":132379,"date":"2025-09-28T18:17:59","date_gmt":"2025-09-28T23:17:59","guid":{"rendered":"https:\/\/redcol.co\/?post_type=blog&#038;p=132379"},"modified":"2025-09-28T18:30:45","modified_gmt":"2025-09-28T23:30:45","slug":"global-be-well-day-2025-un-ano-dedicado-a-conectar-y-fortalecer-el-bienestar-educativo","status":"publish","type":"blog","link":"https:\/\/redcol.co\/es\/blog\/global-be-well-day-2025-un-ano-dedicado-a-conectar-y-fortalecer-el-bienestar-educativo\/","title":{"rendered":"Global Be Well Day 2025: un a\u00f1o dedicado a conectar y fortalecer el bienestar educativo."},"content":{"rendered":"\t\t<div data-elementor-type=\"wp-post\" data-elementor-id=\"132379\" class=\"elementor elementor-132379\" data-elementor-post-type=\"blog\">\n\t\t\t\t<div class=\"elementor-element elementor-element-b75e777 e-con-full e-flex e-con e-parent\" data-id=\"b75e777\" data-element_type=\"container\" data-e-type=\"container\">\n\t\t<div class=\"elementor-element elementor-element-c530c53 e-con-full e-flex e-con e-child\" data-id=\"c530c53\" data-element_type=\"container\" data-e-type=\"container\">\n\t\t\t\t<div class=\"elementor-element elementor-element-9706431 elementor-widget elementor-widget-image\" data-id=\"9706431\" data-element_type=\"widget\" data-e-type=\"widget\" data-widget_type=\"image.default\">\n\t\t\t\t<div class=\"elementor-widget-container\">\n\t\t\t\t\t\t\t\t\t\t\t\t\t\t\t<img decoding=\"async\" src=\"https:\/\/redcol.co\/wp-content\/uploads\/sites\/51\/2025\/09\/CLAUDIA.png?w=1584\" title=\"CLAUDIA\" alt=\"CLAUDIA\" loading=\"lazy\" \/>\t\t\t\t\t\t\t\t\t\t\t\t\t\t\t<\/div>\n\t\t\t\t<\/div>\n\t\t\t\t<div class=\"elementor-element elementor-element-7f20cf6 elementor-widget elementor-widget-text-editor\" data-id=\"7f20cf6\" data-element_type=\"widget\" data-e-type=\"widget\" data-widget_type=\"text-editor.default\">\n\t\t\t\t<div class=\"elementor-widget-container\">\n\t\t\t\t\t\t\t\t\t<p><em>Por <strong>Claudia Rinc\u00f3n<\/strong><\/em><span lang=\"ES-CO\" xml:lang=\"ES-CO\" data-contrast=\"auto\"><strong><em><span style=\"font-size: 11.0pt;line-height: 107%;font-family: 'Aptos',sans-serif\">\u00a0<\/span><\/em><\/strong><br \/><em>Directora de Talento Humano<span lang=\"ES-CO\" xml:lang=\"ES-CO\" data-contrast=\"auto\">\u00a0de Cognita \u2013 Redcol<\/span>\u00a0<\/em><br \/><\/span><\/p>\t\t\t\t\t\t\t\t<\/div>\n\t\t\t\t<\/div>\n\t\t\t\t<\/div>\n\t\t\t\t<\/div>\n\t\t<div class=\"elementor-element elementor-element-aa0e128 e-flex e-con-boxed e-con e-parent\" data-id=\"aa0e128\" data-element_type=\"container\" data-e-type=\"container\">\n\t\t\t\t\t<div class=\"e-con-inner\">\n\t\t\t\t<div class=\"elementor-element elementor-element-113743f elementor-widget elementor-widget-text-editor\" data-id=\"113743f\" data-element_type=\"widget\" data-e-type=\"widget\" data-widget_type=\"text-editor.default\">\n\t\t\t\t<div class=\"elementor-widget-container\">\n\t\t\t\t\t\t\t\t\t<p>El Global Be Well Day (GBWD) re\u00fane cada a\u00f1o a m\u00e1s de 100.000 estudiantes en 21 paises y 18.000 colaboradores en m\u00e1s de 100 colegios Cognita alrededor del mundo. Es una jornada que detiene la rutina acad\u00e9mica para recordarnos que el aprendizaje solo se sostiene cuando se construye sobre el bienestar f\u00edsico, mental y emocional.<\/p><p>En Cognita\u2013Redcol, nuestros nueve colegios y el equipo de Oficina Central nos unimos bajo el lema de este 2025: <strong>conectar<\/strong>. Conectar con uno mismo, con los dem\u00e1s y con el entorno. Esta visi\u00f3n se reflej\u00f3 en experiencias diversas que incluyeron desde pausas activas, caminatas ecol\u00f3gicas y actividades deportivas, hasta espacios de reflexi\u00f3n guiada, din\u00e1micas familiares y conversaciones sobre bienestar emocional. Incluso en la Oficina Central, los equipos compartieron pr\u00e1cticas y aprendizajes que articularon el trabajo de toda la red.<\/p><p>El impacto fue evidente: m\u00e1s que un d\u00eda de actividades, fue un recordatorio de que el bienestar est\u00e1 en el centro de nuestro proyecto educativo. El 26 de septiembre nos dej\u00f3 historias de estudiantes que descubrieron nuevas formas de cuidar su salud, familias que compartieron momentos significativos y comunidades escolares que se reconocieron m\u00e1s unidas.<\/p><p>En Cognita-Redcol, el Global Be Well Day no es solo una fecha en el calendario: es la reafirmaci\u00f3n de nuestra convicci\u00f3n de que el bienestar es un eje fundamental del aprendizaje y una pr\u00e1ctica permanente en nuestros colegios. Al conectar, crecemos como individuos, como comunidad educativa y como parte de una red global comprometida con el desarrollo integral de cada estudiante.<\/p><p>\u00a0<\/p>\t\t\t\t\t\t\t\t<\/div>\n\t\t\t\t<\/div>\n\t\t\t\t\t<\/div>\n\t\t\t\t<\/div>\n\t\t\t\t<\/div>\n\t\t","protected":false},"excerpt":{"rendered":"<p>Por Claudia Rinc\u00f3n\u00a0Directora de Talento Humano\u00a0de Cognita \u2013 Redcol\u00a0 El Global Be Well Day (GBWD) re\u00fane cada a\u00f1o a m\u00e1s de 100.000 estudiantes en 21 paises y 18.000 colaboradores en [&hellip;]<\/p>\n","protected":false},"featured_media":132386,"template":"","class_list":["post-132379","blog","type-blog","status-publish","has-post-thumbnail","hentry"],"acf":[],"yoast_head":"<!-- This site is optimized with the Yoast SEO plugin v27.1.1 - https:\/\/yoast.com\/product\/yoast-seo-wordpress\/ -->\n<title>Global Be Well Day 2025: un a\u00f1o dedicado a conectar y fortalecer el bienestar educativo. - Redcol<\/title>\n<meta name=\"description\" content=\"Descubre 7 claves pr\u00e1cticas para cuidar a ni\u00f1as, ni\u00f1os y adolescentes en casa con amor, atenci\u00f3n y confianza.\" \/>\n<meta name=\"robots\" content=\"index, follow, max-snippet:-1, max-image-preview:large, max-video-preview:-1\" \/>\n<link rel=\"canonical\" href=\"https:\/\/redcol.co\/es\/blog\/global-be-well-day-2025-un-ano-dedicado-a-conectar-y-fortalecer-el-bienestar-educativo\/\" \/>\n<meta property=\"og:locale\" content=\"es_ES\" \/>\n<meta property=\"og:type\" content=\"article\" \/>\n<meta property=\"og:title\" content=\"Global Be Well Day 2025: un a\u00f1o dedicado a conectar y fortalecer el bienestar educativo. - Redcol\" \/>\n<meta property=\"og:description\" content=\"Descubre 7 claves pr\u00e1cticas para cuidar a ni\u00f1as, ni\u00f1os y adolescentes en casa con amor, atenci\u00f3n y confianza.\" \/>\n<meta property=\"og:url\" content=\"https:\/\/redcol.co\/es\/blog\/global-be-well-day-2025-un-ano-dedicado-a-conectar-y-fortalecer-el-bienestar-educativo\/\" \/>\n<meta property=\"og:site_name\" content=\"Redcol\" \/>\n<meta property=\"article:publisher\" content=\"https:\/\/www.facebook.com\/redcolholdingSAS\" \/>\n<meta property=\"article:modified_time\" content=\"2025-09-28T23:30:45+00:00\" \/>\n<meta property=\"og:image\" content=\"https:\/\/redcol.co\/wp-content\/uploads\/sites\/51\/2025\/09\/GBWD2025.png\" \/>\n\t<meta property=\"og:image:width\" content=\"1584\" \/>\n\t<meta property=\"og:image:height\" content=\"396\" \/>\n\t<meta property=\"og:image:type\" content=\"image\/png\" \/>\n<meta name=\"twitter:card\" content=\"summary_large_image\" \/>\n<meta name=\"twitter:label1\" content=\"Tiempo de lectura\" \/>\n\t<meta name=\"twitter:data1\" content=\"2 minutos\" \/>\n<script type=\"application\/ld+json\" class=\"yoast-schema-graph\">{\"@context\":\"https:\/\/schema.org\",\"@graph\":[{\"@type\":\"WebPage\",\"@id\":\"https:\/\/redcol.co\/es\/blog\/global-be-well-day-2025-un-ano-dedicado-a-conectar-y-fortalecer-el-bienestar-educativo\/\",\"url\":\"https:\/\/redcol.co\/es\/blog\/global-be-well-day-2025-un-ano-dedicado-a-conectar-y-fortalecer-el-bienestar-educativo\/\",\"name\":\"Global Be Well Day 2025: un a\u00f1o dedicado a conectar y fortalecer el bienestar educativo. - Redcol\",\"isPartOf\":{\"@id\":\"https:\/\/redcol.co\/es\/#website\"},\"primaryImageOfPage\":{\"@id\":\"https:\/\/redcol.co\/es\/blog\/global-be-well-day-2025-un-ano-dedicado-a-conectar-y-fortalecer-el-bienestar-educativo\/#primaryimage\"},\"image\":{\"@id\":\"https:\/\/redcol.co\/es\/blog\/global-be-well-day-2025-un-ano-dedicado-a-conectar-y-fortalecer-el-bienestar-educativo\/#primaryimage\"},\"thumbnailUrl\":\"https:\/\/redcol.co\/wp-content\/uploads\/sites\/51\/2025\/09\/GBWD2025.png\",\"datePublished\":\"2025-09-28T23:17:59+00:00\",\"dateModified\":\"2025-09-28T23:30:45+00:00\",\"description\":\"Descubre 7 claves pr\u00e1cticas para cuidar a ni\u00f1as, ni\u00f1os y adolescentes en casa con amor, atenci\u00f3n y confianza.\",\"breadcrumb\":{\"@id\":\"https:\/\/redcol.co\/es\/blog\/global-be-well-day-2025-un-ano-dedicado-a-conectar-y-fortalecer-el-bienestar-educativo\/#breadcrumb\"},\"inLanguage\":\"es\",\"potentialAction\":[{\"@type\":\"ReadAction\",\"target\":[\"https:\/\/redcol.co\/es\/blog\/global-be-well-day-2025-un-ano-dedicado-a-conectar-y-fortalecer-el-bienestar-educativo\/\"]}]},{\"@type\":\"ImageObject\",\"inLanguage\":\"es\",\"@id\":\"https:\/\/redcol.co\/es\/blog\/global-be-well-day-2025-un-ano-dedicado-a-conectar-y-fortalecer-el-bienestar-educativo\/#primaryimage\",\"url\":\"https:\/\/redcol.co\/wp-content\/uploads\/sites\/51\/2025\/09\/GBWD2025.png\",\"contentUrl\":\"https:\/\/redcol.co\/wp-content\/uploads\/sites\/51\/2025\/09\/GBWD2025.png\",\"width\":1584,\"height\":396},{\"@type\":\"BreadcrumbList\",\"@id\":\"https:\/\/redcol.co\/es\/blog\/global-be-well-day-2025-un-ano-dedicado-a-conectar-y-fortalecer-el-bienestar-educativo\/#breadcrumb\",\"itemListElement\":[{\"@type\":\"ListItem\",\"position\":1,\"name\":\"Home\",\"item\":\"https:\/\/redcol.co\/es\/\"},{\"@type\":\"ListItem\",\"position\":2,\"name\":\"Global Be Well Day 2025: un a\u00f1o dedicado a conectar y fortalecer el bienestar educativo.\"}]},{\"@type\":\"WebSite\",\"@id\":\"https:\/\/redcol.co\/es\/#website\",\"url\":\"https:\/\/redcol.co\/es\/\",\"name\":\"Redcol\",\"description\":\"\",\"publisher\":{\"@id\":\"https:\/\/redcol.co\/es\/#organization\"},\"potentialAction\":[{\"@type\":\"SearchAction\",\"target\":{\"@type\":\"EntryPoint\",\"urlTemplate\":\"https:\/\/redcol.co\/es\/?s={search_term_string}\"},\"query-input\":{\"@type\":\"PropertyValueSpecification\",\"valueRequired\":true,\"valueName\":\"search_term_string\"}}],\"inLanguage\":\"es\"},{\"@type\":\"Organization\",\"@id\":\"https:\/\/redcol.co\/es\/#organization\",\"name\":\"Redcol\",\"url\":\"https:\/\/redcol.co\/es\/\",\"logo\":{\"@type\":\"ImageObject\",\"inLanguage\":\"es\",\"@id\":\"https:\/\/redcol.co\/es\/#\/schema\/logo\/image\/\",\"url\":\"https:\/\/redcol.co\/wp-content\/uploads\/sites\/51\/2025\/03\/logo-color-38.png\",\"contentUrl\":\"https:\/\/redcol.co\/wp-content\/uploads\/sites\/51\/2025\/03\/logo-color-38.png\",\"width\":5110,\"height\":1020,\"caption\":\"Redcol\"},\"image\":{\"@id\":\"https:\/\/redcol.co\/es\/#\/schema\/logo\/image\/\"},\"sameAs\":[\"https:\/\/www.facebook.com\/redcolholdingSAS\",\"https:\/\/www.instagram.com\/redcolholding\/\",\"https:\/\/www.youtube.com\/channel\/UC_mTM-cU4nAoCWceVW7oqoA\",\"https:\/\/www.linkedin.com\/company\/10804270\/admin\/\"]}]}<\/script>\n<!-- \/ Yoast SEO plugin. -->","yoast_head_json":{"title":"Global Be Well Day 2025: un a\u00f1o dedicado a conectar y fortalecer el bienestar educativo. - Redcol","description":"Descubre 7 claves pr\u00e1cticas para cuidar a ni\u00f1as, ni\u00f1os y adolescentes en casa con amor, atenci\u00f3n y confianza.","robots":{"index":"index","follow":"follow","max-snippet":"max-snippet:-1","max-image-preview":"max-image-preview:large","max-video-preview":"max-video-preview:-1"},"canonical":"https:\/\/redcol.co\/es\/blog\/global-be-well-day-2025-un-ano-dedicado-a-conectar-y-fortalecer-el-bienestar-educativo\/","og_locale":"es_ES","og_type":"article","og_title":"Global Be Well Day 2025: un a\u00f1o dedicado a conectar y fortalecer el bienestar educativo. - Redcol","og_description":"Descubre 7 claves pr\u00e1cticas para cuidar a ni\u00f1as, ni\u00f1os y adolescentes en casa con amor, atenci\u00f3n y confianza.","og_url":"https:\/\/redcol.co\/es\/blog\/global-be-well-day-2025-un-ano-dedicado-a-conectar-y-fortalecer-el-bienestar-educativo\/","og_site_name":"Redcol","article_publisher":"https:\/\/www.facebook.com\/redcolholdingSAS","article_modified_time":"2025-09-28T23:30:45+00:00","og_image":[{"width":1584,"height":396,"url":"https:\/\/redcol.co\/wp-content\/uploads\/sites\/51\/2025\/09\/GBWD2025.png","type":"image\/png"}],"twitter_card":"summary_large_image","twitter_misc":{"Tiempo de lectura":"2 minutos"},"schema":{"@context":"https:\/\/schema.org","@graph":[{"@type":"WebPage","@id":"https:\/\/redcol.co\/es\/blog\/global-be-well-day-2025-un-ano-dedicado-a-conectar-y-fortalecer-el-bienestar-educativo\/","url":"https:\/\/redcol.co\/es\/blog\/global-be-well-day-2025-un-ano-dedicado-a-conectar-y-fortalecer-el-bienestar-educativo\/","name":"Global Be Well Day 2025: un a\u00f1o dedicado a conectar y fortalecer el bienestar educativo. - Redcol","isPartOf":{"@id":"https:\/\/redcol.co\/es\/#website"},"primaryImageOfPage":{"@id":"https:\/\/redcol.co\/es\/blog\/global-be-well-day-2025-un-ano-dedicado-a-conectar-y-fortalecer-el-bienestar-educativo\/#primaryimage"},"image":{"@id":"https:\/\/redcol.co\/es\/blog\/global-be-well-day-2025-un-ano-dedicado-a-conectar-y-fortalecer-el-bienestar-educativo\/#primaryimage"},"thumbnailUrl":"https:\/\/redcol.co\/wp-content\/uploads\/sites\/51\/2025\/09\/GBWD2025.png","datePublished":"2025-09-28T23:17:59+00:00","dateModified":"2025-09-28T23:30:45+00:00","description":"Descubre 7 claves pr\u00e1cticas para cuidar a ni\u00f1as, ni\u00f1os y adolescentes en casa con amor, atenci\u00f3n y confianza.","breadcrumb":{"@id":"https:\/\/redcol.co\/es\/blog\/global-be-well-day-2025-un-ano-dedicado-a-conectar-y-fortalecer-el-bienestar-educativo\/#breadcrumb"},"inLanguage":"es","potentialAction":[{"@type":"ReadAction","target":["https:\/\/redcol.co\/es\/blog\/global-be-well-day-2025-un-ano-dedicado-a-conectar-y-fortalecer-el-bienestar-educativo\/"]}]},{"@type":"ImageObject","inLanguage":"es","@id":"https:\/\/redcol.co\/es\/blog\/global-be-well-day-2025-un-ano-dedicado-a-conectar-y-fortalecer-el-bienestar-educativo\/#primaryimage","url":"https:\/\/redcol.co\/wp-content\/uploads\/sites\/51\/2025\/09\/GBWD2025.png","contentUrl":"https:\/\/redcol.co\/wp-content\/uploads\/sites\/51\/2025\/09\/GBWD2025.png","width":1584,"height":396},{"@type":"BreadcrumbList","@id":"https:\/\/redcol.co\/es\/blog\/global-be-well-day-2025-un-ano-dedicado-a-conectar-y-fortalecer-el-bienestar-educativo\/#breadcrumb","itemListElement":[{"@type":"ListItem","position":1,"name":"Home","item":"https:\/\/redcol.co\/es\/"},{"@type":"ListItem","position":2,"name":"Global Be Well Day 2025: un a\u00f1o dedicado a conectar y fortalecer el bienestar educativo."}]},{"@type":"WebSite","@id":"https:\/\/redcol.co\/es\/#website","url":"https:\/\/redcol.co\/es\/","name":"Redcol","description":"","publisher":{"@id":"https:\/\/redcol.co\/es\/#organization"},"potentialAction":[{"@type":"SearchAction","target":{"@type":"EntryPoint","urlTemplate":"https:\/\/redcol.co\/es\/?s={search_term_string}"},"query-input":{"@type":"PropertyValueSpecification","valueRequired":true,"valueName":"search_term_string"}}],"inLanguage":"es"},{"@type":"Organization","@id":"https:\/\/redcol.co\/es\/#organization","name":"Redcol","url":"https:\/\/redcol.co\/es\/","logo":{"@type":"ImageObject","inLanguage":"es","@id":"https:\/\/redcol.co\/es\/#\/schema\/logo\/image\/","url":"https:\/\/redcol.co\/wp-content\/uploads\/sites\/51\/2025\/03\/logo-color-38.png","contentUrl":"https:\/\/redcol.co\/wp-content\/uploads\/sites\/51\/2025\/03\/logo-color-38.png","width":5110,"height":1020,"caption":"Redcol"},"image":{"@id":"https:\/\/redcol.co\/es\/#\/schema\/logo\/image\/"},"sameAs":["https:\/\/www.facebook.com\/redcolholdingSAS","https:\/\/www.instagram.com\/redcolholding\/","https:\/\/www.youtube.com\/channel\/UC_mTM-cU4nAoCWceVW7oqoA","https:\/\/www.linkedin.com\/company\/10804270\/admin\/"]}]}},"jetpack_sharing_enabled":true,"_links":{"self":[{"href":"https:\/\/redcol.co\/es\/wp-json\/wp\/v2\/blog\/132379","targetHints":{"allow":["GET"]}}],"collection":[{"href":"https:\/\/redcol.co\/es\/wp-json\/wp\/v2\/blog"}],"about":[{"href":"https:\/\/redcol.co\/es\/wp-json\/wp\/v2\/types\/blog"}],"version-history":[{"count":6,"href":"https:\/\/redcol.co\/es\/wp-json\/wp\/v2\/blog\/132379\/revisions"}],"predecessor-version":[{"id":132389,"href":"https:\/\/redcol.co\/es\/wp-json\/wp\/v2\/blog\/132379\/revisions\/132389"}],"wp:featuredmedia":[{"embeddable":true,"href":"https:\/\/redcol.co\/es\/wp-json\/wp\/v2\/media\/132386"}],"wp:attachment":[{"href":"https:\/\/redcol.co\/es\/wp-json\/wp\/v2\/media?parent=132379"}],"curies":[{"name":"wp","href":"https:\/\/api.w.org\/{rel}","templated":true}]}}