{"id":14,"date":"2020-12-03T12:30:00","date_gmt":"2020-12-03T17:30:00","guid":{"rendered":"https:\/\/qrealo.cl\/redcol\/sin-vinculos-sociales-no-podemos-hablar-de-verdadera-educacion\/"},"modified":"2020-12-03T12:30:00","modified_gmt":"2020-12-03T17:30:00","slug":"sin-vinculos-sociales-no-podemos-hablar-de-verdadera-educacion","status":"publish","type":"blog","link":"https:\/\/redcol.co\/es\/blog\/sin-vinculos-sociales-no-podemos-hablar-de-verdadera-educacion\/","title":{"rendered":"Sin v\u00ednculos sociales no podemos hablar de verdadera educaci\u00f3n."},"content":{"rendered":"<p class=\"entradilla\" style=\"text-align: center\"><em>Reflexiones sobre la educaci\u00f3n en pandemia<\/em><\/p>\n<p><!--more--><\/p>\n<p class=\"capitular\" style=\"font-size: 20px;text-align: justify\">La educaci\u00f3n es una de las herramientas m\u00e1s importantes que tiene la humanidad para mejorar y avanzar, y como en otras ocasiones, nos ha permitido enfrentar los cambios bruscos y los efectos que ha introducido la pandemia en este a\u00f1o, no solo porque ha dotado a las personas de nuestra sociedad con capacidades para adaptarse al cambio a trav\u00e9s de impresionantes procesos de innovaci\u00f3n, sino tambi\u00e9n porque ha formado ciudadanos con valores y principios humanos que han permitido las acciones solidarias en medio de tan desafortunada contingencia que nos toc\u00f3 vivir en 2020. Este es el verdadero esp\u00edritu y legado de la educaci\u00f3n y por ello en REDCOL hemos trabajado para continuar ofreciendo una educaci\u00f3n humana y de calidad a trav\u00e9s de todos los medios posibles.<\/p>\n<p class=\"cita\" style=\"text-align: center;line-height: 1.25\"><span style=\"font-size: 20px\">La pandemia puede servirnos como elemento de reflexi\u00f3n para revalorizar la educaci\u00f3n y resaltar el sentido y la importancia que tiene en una coyuntura como la pandemia que vivimos actualmente.<\/span><\/p>\n<h2 style=\"line-height: 1\"><\/h2>\n<p style=\"text-align: justify\"><span style=\"font-size: 20px\">En momentos como este, la educaci\u00f3n no debe detenerse en ninguna circunstancia y por ello en REDCOL, de la mano de <a href=\"https:\/\/youtu.be\/wDHkDWE6jlI\" rel=\"noopener\" target=\"_blank\"><span style=\"text-decoration: underline\"><strong>Reimagine Education Lab<\/strong><\/span><\/a>, hemos trabajado para adaptar la educaci\u00f3n al modelo remoto (virtual) y a la semi-presencialidad, buscando conservar en todo momento la calidad educativa pero tambi\u00e9n los v\u00ednculos humanos que se tejen entre alumnos, profesores y padres de familia.<\/span><\/p>\n<p style=\"text-align: justify\">As\u00ed, habiendo superado el principal desaf\u00edo que se present\u00f3 en todos los colegios (habilitar r\u00e1pidamente todas las plataformas y canales virtuales para dar continuidad a la ense\u00f1anza), en REDCOL empezamos a pensar en la manera de mantener y fortalecer los v\u00ednculos que naturalmente se dan entre alumnos y profesores en la presencialidad. Para nosotros, mantener este v\u00ednculo en la educaci\u00f3n remota o semipresencial es fundamental, pues creemos que la educaci\u00f3n no puede ser simplemente la transmisi\u00f3n de conocimientos, sino que por el contrario debe ser un di\u00e1logo constante entre alumno y docente. Debe existir el intercambio de ideas, sobre todo cuando se trata de ni\u00f1os, ni\u00f1as y j\u00f3venes que est\u00e1n empezando su vida y requieren de un apoyo especial que las herramientas virtuales no ofrecen en s\u00ed mismas.<\/p>\n<p><a href=\"https:\/\/www.vermontmedellin.edu.co\/es\/estrategia-covid-19\" rel=\"noopener\" target=\"_blank\"><span style=\"text-decoration: underline\"><strong><span style=\"font-size: 20px\">Ve aqu\u00ed c\u00f3mo nos preparamos para la alternancia.<\/span><\/strong><\/span><\/a><\/p>\n<p style=\"text-align: justify\">El v\u00ednculo entre alumnos y profesores puede y debe mantenerse a trav\u00e9s de las herramientas tecnol\u00f3gicas que se disponen. En el caso de REDCOL, nuestros 9 colegios contaban con las plataformas necesarias para las clases en l\u00ednea, adem\u00e1s de disponer de m\u00faltiples canales de comunicaci\u00f3n que empezaron a usarse con el objetivo de mantener el v\u00ednculo que se ten\u00eda antes de la pandemia. Estas herramientas son clave y pueden funcionar muy bien tanto para transmitir el conocimiento, pero tambi\u00e9n para la relaci\u00f3n que debe existir entre el aula y el docente.<\/p>\n<blockquote>\n<p style=\"text-align: justify\">\u2018<em>El objetivo de la educaci\u00f3n no puede ser solamente transmitir conocimiento. La educaci\u00f3n ha de ser humana, social, es ayudar a las personas a crecer y a formarse como individuos \u00edntegros y eso no lo puede hacer una m\u00e1quina\u2019<\/em>.<\/p>\n<p style=\"text-align: justify\">\n<p style=\"text-align: justify;font-size: 18px\">Xavier Aragay, director de Reimagine Education Lab.<\/p>\n<p style=\"text-align: justify\">\n<\/blockquote>\n<p style=\"text-align: justify\">Por otro lado, junto con nuestros consultores en Reimagine Education Lab hemos trabajado fuertemente en el desarrollo de un sistema h\u00edbrido que nos ha permitido conciliar las actividades sincr\u00f3nicas (aquellas que suceden en clase) y las asincr\u00f3nicas (tareas y trabajos que dejan los profesores para el trabajo aut\u00f3nomo de los alumnos). En ese sentido, hemos buscado que las actividades asincr\u00f3nicas guarden una relaci\u00f3n con las actividades en clase, dando lugar a la participaci\u00f3n de los alumnos y d\u00e1ndoles un espacio importante en el desarrollo de clase. Esto no solo ha servido para darle mayor sentido a los trabajos de casa, sino tambi\u00e9n para mantener los v\u00ednculos entre alumno-profesor. As\u00ed, no se requieren las herramientas tecnol\u00f3gicas para mantener las relaciones de ense\u00f1anza, sino que tambi\u00e9n pueden usarse otras herramientas m\u00e1s tradicionales.<\/p>\n<p><a href=\"https:\/\/gimnorte.edu.co\/es\/alternanciaacademica\" rel=\"noopener\" target=\"_blank\"><strong><span style=\"text-decoration: underline\"><span style=\"font-size: 20px\">Asesorados por los mejores para la alternancia.<\/span><\/span><\/strong><\/a><\/p>\n<p style=\"text-align: justify\">En los colegios REDCOL hemos obtenido grandes aprendizajes de la pandemia, pero quiz\u00e1 uno de los m\u00e1s grandes sea reivindicar -a\u00fan m\u00e1s- el papel de la educaci\u00f3n, especialmente el car\u00e1cter humano y social que se necesita para formar individuos con conocimientos para las sociedades actuales, pero tambi\u00e9n individuos \u00edntegros, capaces de tejer relaciones sociales y desarrollarse en sociedad. Hemos comprendido que tener las herramientas virtuales es necesario y debe seguirse trabajando hacia esa direcci\u00f3n, pero sin el factor humano la educaci\u00f3n virtual no tiene ning\u00fan sentido. Por ello, hemos procurado usar inteligentemente las plataformas digitales, manteniendo los v\u00ednculos humanos y ofreciendo apoyo psicoemocional y t\u00e9cnico para quienes lo requieran.<\/p>\n<p style=\"text-align: justify\">Estos aprendizajes nos quedar\u00e1n para siempre. Hoy sabemos que la educaci\u00f3n no es est\u00e1tica y debe evolucionar con las circunstancias, debe estar preparada para la contingencia y en ello hemos estado trabajando para que ninguna situaci\u00f3n nos aleje de nuestro objetivo de crear una mejor sociedad a trav\u00e9s de mejores colegios.<\/p>\n<p style=\"text-align: center;line-height: 1.25\"><strong><em>Un mundo mejor a trav\u00e9s de mejores colegios. Estos son los colegios que hacen parte de Redcol.<\/em><\/strong><\/p>\n<p style=\"text-align: center;line-height: 1.25\">{{cta(&#8216;ac8c009d-ed5a-41f5-bd82-979853975879&#8217;)}}<\/p>\n<hr>\n","protected":false},"excerpt":{"rendered":"<p>La educaci\u00f3n es una de las herramientas m\u00e1s importantes que tiene la humanidad para mejorar y avanzar, y como en otras ocasiones, nos ha permitido enfrentar los cambios bruscos y los efectos que ha introducido la pandemia en este a\u00f1o, no solo porque ha dotado a las personas de nuestra sociedad con capacidades para adaptarse al cambio a trav\u00e9s de impresionantes procesos de innovaci\u00f3n, sino tambi\u00e9n porque ha formado ciudadanos con valores y principios humanos que han permitido las acciones solidarias en medio de tan desafortunada contingencia que nos toc\u00f3 vivir en 2020.<\/p>\n","protected":false},"featured_media":15,"template":"","class_list":["post-14","blog","type-blog","status-publish","has-post-thumbnail","hentry"],"acf":[],"yoast_head":"<!-- This site is optimized with the Yoast SEO plugin v27.1.1 - https:\/\/yoast.com\/product\/yoast-seo-wordpress\/ -->\n<title>Sin v\u00ednculos sociales no podemos hablar de verdadera educaci\u00f3n. - Redcol<\/title>\n<meta name=\"robots\" content=\"index, follow, max-snippet:-1, max-image-preview:large, max-video-preview:-1\" \/>\n<link rel=\"canonical\" href=\"https:\/\/redcol.co\/es\/blog\/sin-vinculos-sociales-no-podemos-hablar-de-verdadera-educacion\/\" \/>\n<meta property=\"og:locale\" content=\"es_ES\" \/>\n<meta property=\"og:type\" content=\"article\" \/>\n<meta property=\"og:title\" content=\"Sin v\u00ednculos sociales no podemos hablar de verdadera educaci\u00f3n. - Redcol\" \/>\n<meta property=\"og:description\" content=\"La educaci\u00f3n es una de las herramientas m\u00e1s importantes que tiene la humanidad para mejorar y avanzar, y como en otras ocasiones, nos ha permitido enfrentar los cambios bruscos y los efectos que ha introducido la pandemia en este a\u00f1o, no solo porque ha dotado a las personas de nuestra sociedad con capacidades para adaptarse al cambio a trav\u00e9s de impresionantes procesos de innovaci\u00f3n, sino tambi\u00e9n porque ha formado ciudadanos con valores y principios humanos que han permitido las acciones solidarias en medio de tan desafortunada contingencia que nos toc\u00f3 vivir en 2020.\" \/>\n<meta property=\"og:url\" content=\"https:\/\/redcol.co\/es\/blog\/sin-vinculos-sociales-no-podemos-hablar-de-verdadera-educacion\/\" \/>\n<meta property=\"og:site_name\" content=\"Redcol\" \/>\n<meta property=\"article:publisher\" content=\"https:\/\/www.facebook.com\/redcolholdingSAS\" \/>\n<meta property=\"og:image\" content=\"https:\/\/redcol.co\/wp-content\/uploads\/sites\/51\/2025\/02\/2-BANNER-PRINCIPALES-DESKTOP.jpg\" \/>\n\t<meta property=\"og:image:width\" content=\"1920\" \/>\n\t<meta property=\"og:image:height\" content=\"700\" \/>\n\t<meta property=\"og:image:type\" content=\"image\/jpeg\" \/>\n<meta name=\"twitter:card\" content=\"summary_large_image\" \/>\n<meta name=\"twitter:label1\" content=\"Tiempo de lectura\" \/>\n\t<meta name=\"twitter:data1\" content=\"4 minutos\" \/>\n<script type=\"application\/ld+json\" class=\"yoast-schema-graph\">{\"@context\":\"https:\/\/schema.org\",\"@graph\":[{\"@type\":\"WebPage\",\"@id\":\"https:\/\/redcol.co\/es\/blog\/sin-vinculos-sociales-no-podemos-hablar-de-verdadera-educacion\/\",\"url\":\"https:\/\/redcol.co\/es\/blog\/sin-vinculos-sociales-no-podemos-hablar-de-verdadera-educacion\/\",\"name\":\"Sin v\u00ednculos sociales no podemos hablar de verdadera educaci\u00f3n. - Redcol\",\"isPartOf\":{\"@id\":\"https:\/\/redcol.co\/es\/#website\"},\"primaryImageOfPage\":{\"@id\":\"https:\/\/redcol.co\/es\/blog\/sin-vinculos-sociales-no-podemos-hablar-de-verdadera-educacion\/#primaryimage\"},\"image\":{\"@id\":\"https:\/\/redcol.co\/es\/blog\/sin-vinculos-sociales-no-podemos-hablar-de-verdadera-educacion\/#primaryimage\"},\"thumbnailUrl\":\"https:\/\/redcol.co\/wp-content\/uploads\/sites\/51\/2025\/02\/2-BANNER-PRINCIPALES-DESKTOP.jpg\",\"datePublished\":\"2020-12-03T17:30:00+00:00\",\"breadcrumb\":{\"@id\":\"https:\/\/redcol.co\/es\/blog\/sin-vinculos-sociales-no-podemos-hablar-de-verdadera-educacion\/#breadcrumb\"},\"inLanguage\":\"es\",\"potentialAction\":[{\"@type\":\"ReadAction\",\"target\":[\"https:\/\/redcol.co\/es\/blog\/sin-vinculos-sociales-no-podemos-hablar-de-verdadera-educacion\/\"]}]},{\"@type\":\"ImageObject\",\"inLanguage\":\"es\",\"@id\":\"https:\/\/redcol.co\/es\/blog\/sin-vinculos-sociales-no-podemos-hablar-de-verdadera-educacion\/#primaryimage\",\"url\":\"https:\/\/redcol.co\/wp-content\/uploads\/sites\/51\/2025\/02\/2-BANNER-PRINCIPALES-DESKTOP.jpg\",\"contentUrl\":\"https:\/\/redcol.co\/wp-content\/uploads\/sites\/51\/2025\/02\/2-BANNER-PRINCIPALES-DESKTOP.jpg\",\"width\":1920,\"height\":700},{\"@type\":\"BreadcrumbList\",\"@id\":\"https:\/\/redcol.co\/es\/blog\/sin-vinculos-sociales-no-podemos-hablar-de-verdadera-educacion\/#breadcrumb\",\"itemListElement\":[{\"@type\":\"ListItem\",\"position\":1,\"name\":\"Home\",\"item\":\"https:\/\/redcol.co\/es\/\"},{\"@type\":\"ListItem\",\"position\":2,\"name\":\"Sin v\u00ednculos sociales no podemos hablar de verdadera educaci\u00f3n.\"}]},{\"@type\":\"WebSite\",\"@id\":\"https:\/\/redcol.co\/es\/#website\",\"url\":\"https:\/\/redcol.co\/es\/\",\"name\":\"Redcol\",\"description\":\"\",\"publisher\":{\"@id\":\"https:\/\/redcol.co\/es\/#organization\"},\"potentialAction\":[{\"@type\":\"SearchAction\",\"target\":{\"@type\":\"EntryPoint\",\"urlTemplate\":\"https:\/\/redcol.co\/es\/?s={search_term_string}\"},\"query-input\":{\"@type\":\"PropertyValueSpecification\",\"valueRequired\":true,\"valueName\":\"search_term_string\"}}],\"inLanguage\":\"es\"},{\"@type\":\"Organization\",\"@id\":\"https:\/\/redcol.co\/es\/#organization\",\"name\":\"Redcol\",\"url\":\"https:\/\/redcol.co\/es\/\",\"logo\":{\"@type\":\"ImageObject\",\"inLanguage\":\"es\",\"@id\":\"https:\/\/redcol.co\/es\/#\/schema\/logo\/image\/\",\"url\":\"https:\/\/redcol.co\/wp-content\/uploads\/sites\/51\/2025\/03\/logo-color-38.png\",\"contentUrl\":\"https:\/\/redcol.co\/wp-content\/uploads\/sites\/51\/2025\/03\/logo-color-38.png\",\"width\":5110,\"height\":1020,\"caption\":\"Redcol\"},\"image\":{\"@id\":\"https:\/\/redcol.co\/es\/#\/schema\/logo\/image\/\"},\"sameAs\":[\"https:\/\/www.facebook.com\/redcolholdingSAS\",\"https:\/\/www.instagram.com\/redcolholding\/\",\"https:\/\/www.youtube.com\/channel\/UC_mTM-cU4nAoCWceVW7oqoA\",\"https:\/\/www.linkedin.com\/company\/10804270\/admin\/\"]}]}<\/script>\n<!-- \/ Yoast SEO plugin. -->","yoast_head_json":{"title":"Sin v\u00ednculos sociales no podemos hablar de verdadera educaci\u00f3n. - Redcol","robots":{"index":"index","follow":"follow","max-snippet":"max-snippet:-1","max-image-preview":"max-image-preview:large","max-video-preview":"max-video-preview:-1"},"canonical":"https:\/\/redcol.co\/es\/blog\/sin-vinculos-sociales-no-podemos-hablar-de-verdadera-educacion\/","og_locale":"es_ES","og_type":"article","og_title":"Sin v\u00ednculos sociales no podemos hablar de verdadera educaci\u00f3n. - Redcol","og_description":"La educaci\u00f3n es una de las herramientas m\u00e1s importantes que tiene la humanidad para mejorar y avanzar, y como en otras ocasiones, nos ha permitido enfrentar los cambios bruscos y los efectos que ha introducido la pandemia en este a\u00f1o, no solo porque ha dotado a las personas de nuestra sociedad con capacidades para adaptarse al cambio a trav\u00e9s de impresionantes procesos de innovaci\u00f3n, sino tambi\u00e9n porque ha formado ciudadanos con valores y principios humanos que han permitido las acciones solidarias en medio de tan desafortunada contingencia que nos toc\u00f3 vivir en 2020.","og_url":"https:\/\/redcol.co\/es\/blog\/sin-vinculos-sociales-no-podemos-hablar-de-verdadera-educacion\/","og_site_name":"Redcol","article_publisher":"https:\/\/www.facebook.com\/redcolholdingSAS","og_image":[{"width":1920,"height":700,"url":"https:\/\/redcol.co\/wp-content\/uploads\/sites\/51\/2025\/02\/2-BANNER-PRINCIPALES-DESKTOP.jpg","type":"image\/jpeg"}],"twitter_card":"summary_large_image","twitter_misc":{"Tiempo de lectura":"4 minutos"},"schema":{"@context":"https:\/\/schema.org","@graph":[{"@type":"WebPage","@id":"https:\/\/redcol.co\/es\/blog\/sin-vinculos-sociales-no-podemos-hablar-de-verdadera-educacion\/","url":"https:\/\/redcol.co\/es\/blog\/sin-vinculos-sociales-no-podemos-hablar-de-verdadera-educacion\/","name":"Sin v\u00ednculos sociales no podemos hablar de verdadera educaci\u00f3n. - Redcol","isPartOf":{"@id":"https:\/\/redcol.co\/es\/#website"},"primaryImageOfPage":{"@id":"https:\/\/redcol.co\/es\/blog\/sin-vinculos-sociales-no-podemos-hablar-de-verdadera-educacion\/#primaryimage"},"image":{"@id":"https:\/\/redcol.co\/es\/blog\/sin-vinculos-sociales-no-podemos-hablar-de-verdadera-educacion\/#primaryimage"},"thumbnailUrl":"https:\/\/redcol.co\/wp-content\/uploads\/sites\/51\/2025\/02\/2-BANNER-PRINCIPALES-DESKTOP.jpg","datePublished":"2020-12-03T17:30:00+00:00","breadcrumb":{"@id":"https:\/\/redcol.co\/es\/blog\/sin-vinculos-sociales-no-podemos-hablar-de-verdadera-educacion\/#breadcrumb"},"inLanguage":"es","potentialAction":[{"@type":"ReadAction","target":["https:\/\/redcol.co\/es\/blog\/sin-vinculos-sociales-no-podemos-hablar-de-verdadera-educacion\/"]}]},{"@type":"ImageObject","inLanguage":"es","@id":"https:\/\/redcol.co\/es\/blog\/sin-vinculos-sociales-no-podemos-hablar-de-verdadera-educacion\/#primaryimage","url":"https:\/\/redcol.co\/wp-content\/uploads\/sites\/51\/2025\/02\/2-BANNER-PRINCIPALES-DESKTOP.jpg","contentUrl":"https:\/\/redcol.co\/wp-content\/uploads\/sites\/51\/2025\/02\/2-BANNER-PRINCIPALES-DESKTOP.jpg","width":1920,"height":700},{"@type":"BreadcrumbList","@id":"https:\/\/redcol.co\/es\/blog\/sin-vinculos-sociales-no-podemos-hablar-de-verdadera-educacion\/#breadcrumb","itemListElement":[{"@type":"ListItem","position":1,"name":"Home","item":"https:\/\/redcol.co\/es\/"},{"@type":"ListItem","position":2,"name":"Sin v\u00ednculos sociales no podemos hablar de verdadera educaci\u00f3n."}]},{"@type":"WebSite","@id":"https:\/\/redcol.co\/es\/#website","url":"https:\/\/redcol.co\/es\/","name":"Redcol","description":"","publisher":{"@id":"https:\/\/redcol.co\/es\/#organization"},"potentialAction":[{"@type":"SearchAction","target":{"@type":"EntryPoint","urlTemplate":"https:\/\/redcol.co\/es\/?s={search_term_string}"},"query-input":{"@type":"PropertyValueSpecification","valueRequired":true,"valueName":"search_term_string"}}],"inLanguage":"es"},{"@type":"Organization","@id":"https:\/\/redcol.co\/es\/#organization","name":"Redcol","url":"https:\/\/redcol.co\/es\/","logo":{"@type":"ImageObject","inLanguage":"es","@id":"https:\/\/redcol.co\/es\/#\/schema\/logo\/image\/","url":"https:\/\/redcol.co\/wp-content\/uploads\/sites\/51\/2025\/03\/logo-color-38.png","contentUrl":"https:\/\/redcol.co\/wp-content\/uploads\/sites\/51\/2025\/03\/logo-color-38.png","width":5110,"height":1020,"caption":"Redcol"},"image":{"@id":"https:\/\/redcol.co\/es\/#\/schema\/logo\/image\/"},"sameAs":["https:\/\/www.facebook.com\/redcolholdingSAS","https:\/\/www.instagram.com\/redcolholding\/","https:\/\/www.youtube.com\/channel\/UC_mTM-cU4nAoCWceVW7oqoA","https:\/\/www.linkedin.com\/company\/10804270\/admin\/"]}]}},"jetpack_sharing_enabled":true,"_links":{"self":[{"href":"https:\/\/redcol.co\/es\/wp-json\/wp\/v2\/blog\/14","targetHints":{"allow":["GET"]}}],"collection":[{"href":"https:\/\/redcol.co\/es\/wp-json\/wp\/v2\/blog"}],"about":[{"href":"https:\/\/redcol.co\/es\/wp-json\/wp\/v2\/types\/blog"}],"version-history":[{"count":0,"href":"https:\/\/redcol.co\/es\/wp-json\/wp\/v2\/blog\/14\/revisions"}],"wp:featuredmedia":[{"embeddable":true,"href":"https:\/\/redcol.co\/es\/wp-json\/wp\/v2\/media\/15"}],"wp:attachment":[{"href":"https:\/\/redcol.co\/es\/wp-json\/wp\/v2\/media?parent=14"}],"curies":[{"name":"wp","href":"https:\/\/api.w.org\/{rel}","templated":true}]}}