{"id":132,"date":"2024-09-30T23:03:52","date_gmt":"2024-10-01T04:03:52","guid":{"rendered":"https:\/\/redcol.haztuqr.cl\/liliana-gomez-nueva-rectora-de-newport-school\/"},"modified":"2024-09-30T23:03:52","modified_gmt":"2024-10-01T04:03:52","slug":"liliana-gomez-nueva-rectora-de-newport-school","status":"publish","type":"school-news","link":"https:\/\/redcol.co\/es\/school-news\/liliana-gomez-nueva-rectora-de-newport-school\/","title":{"rendered":"Liliana G\u00f3mez, nueva rectora de Newport School"},"content":{"rendered":"<p><span><span><span><span><span><span>Newport School se encuentra en un momento emocionante de cambio y crecimiento. Despu\u00e9s de un a\u00f1o lleno de aprendizajes y desaf\u00edos, nos encaminamos hacia una nueva etapa que promete fortalecer nuestro proyecto educativo y ampliar nuestra conexi\u00f3n con la comunidad. Como parte de esta evoluci\u00f3n, queremos compartir con ustedes la noticia de un cambio importante en nuestro liderazgo.<\/span><\/span><\/span><\/span><\/span><\/span><\/p>\n<p><span><span><span><span><span><span>Despu\u00e9s de dos a\u00f1os de servicio dedicado, nuestra rectora, Ang\u00e9lica Manjarr\u00e9s, se despedir\u00e1 de Newport School el 4 de octubre. Durante su tiempo con nosotros, Ang\u00e9lica desempe\u00f1\u00f3 un papel clave en el avance del colegio, contribuyendo significativamente al desarrollo de nuestra visi\u00f3n y al bienestar de nuestros estudiantes y familias. Su liderazgo ha dejado una marca duradera, y le extendemos nuestros mejores deseos en sus futuros proyectos profesionales. Newport siempre ser\u00e1 parte de su historia, y su huella permanecer\u00e1 en la comunidad.<\/span><\/span><\/span><\/span><\/span><\/span><\/p>\n<p><span><span><span><span><span><span>Nos complace anunciar que <\/span><\/span><\/span><\/span><\/span><\/span><span><span><span><strong><span><span>Liliana G\u00f3mez asumir\u00e1 el cargo de rectora a partir del 27 de septiembre.<\/span><\/span><\/strong><\/span><\/span><\/span><span><span><span><span><span><span> Liliana trae consigo una vasta <\/span><\/span><\/span><\/span><\/span><\/span><span><span><span><span><em><span>experiencia acad\u00e9mica internacional<\/span><\/em><\/span><\/span><\/span><\/span><span><span><span><span><span><span>, habiendo trabajado en diferentes entornos educativos en el exterior durante los \u00faltimos diez a\u00f1os. Con un enfoque innovador en el biling\u00fcismo y un compromiso firme con la excelencia educativa, Liliana est\u00e1 preparada para liderar al Newport School en esta nueva fase. Su objetivo es consolidar un equipo docente alineado con las necesidades de nuestras familias, mientras impulsa una educaci\u00f3n de calidad y fortalece el v\u00ednculo con la comunidad.<\/span><\/span><\/span><\/span><\/span><\/span><\/p>\n<p><span><span><span><span><span><span>El proceso de transici\u00f3n se llevar\u00e1 a cabo de manera estructurada y fluida hasta finales de 2024, asegurando que este cambio sea lo m\u00e1s positivo y ordenado posible para todos. Confiamos en que el liderazgo de Liliana G\u00f3mez abrir\u00e1 nuevas oportunidades y permitir\u00e1 a Newport School seguir creciendo hacia un futuro brillante.<\/span><\/span><\/span><\/span><\/span><\/span><\/p>\n","protected":false},"excerpt":{"rendered":"<p>Newport School se encuentra en un momento emocionante de cambio y crecimiento. Despu\u00e9s de un a\u00f1o lleno de aprendizajes y desaf\u00edos, nos encaminamos hacia una nueva etapa que promete fortalecer [&hellip;]<\/p>\n","protected":false},"featured_media":133,"template":"","class_list":["post-132","school-news","type-school-news","status-publish","has-post-thumbnail","hentry"],"acf":[],"yoast_head":"<!-- This site is optimized with the Yoast SEO plugin v27.1.1 - https:\/\/yoast.com\/product\/yoast-seo-wordpress\/ -->\n<title>Liliana G\u00f3mez, nueva rectora de Newport School - Redcol<\/title>\n<meta name=\"robots\" content=\"index, follow, max-snippet:-1, max-image-preview:large, max-video-preview:-1\" \/>\n<link rel=\"canonical\" href=\"https:\/\/redcol.co\/es\/school-news\/liliana-gomez-nueva-rectora-de-newport-school\/\" \/>\n<meta property=\"og:locale\" content=\"es_ES\" \/>\n<meta property=\"og:type\" content=\"article\" \/>\n<meta property=\"og:title\" content=\"Liliana G\u00f3mez, nueva rectora de Newport School - Redcol\" \/>\n<meta property=\"og:description\" content=\"Newport School se encuentra en un momento emocionante de cambio y crecimiento. Despu\u00e9s de un a\u00f1o lleno de aprendizajes y desaf\u00edos, nos encaminamos hacia una nueva etapa que promete fortalecer [&hellip;]\" \/>\n<meta property=\"og:url\" content=\"https:\/\/redcol.co\/es\/school-news\/liliana-gomez-nueva-rectora-de-newport-school\/\" \/>\n<meta property=\"og:site_name\" content=\"Redcol\" \/>\n<meta property=\"article:publisher\" content=\"https:\/\/www.facebook.com\/redcolholdingSAS\" \/>\n<meta property=\"og:image\" content=\"https:\/\/redcol.co\/wp-content\/uploads\/sites\/51\/2025\/03\/LilianaGomez-Perfil.png\" \/>\n\t<meta property=\"og:image:width\" content=\"1200\" \/>\n\t<meta property=\"og:image:height\" content=\"499\" \/>\n\t<meta property=\"og:image:type\" content=\"image\/png\" \/>\n<meta name=\"twitter:card\" content=\"summary_large_image\" \/>\n<meta name=\"twitter:label1\" content=\"Tiempo de lectura\" \/>\n\t<meta name=\"twitter:data1\" content=\"2 minutos\" \/>\n<script type=\"application\/ld+json\" class=\"yoast-schema-graph\">{\"@context\":\"https:\/\/schema.org\",\"@graph\":[{\"@type\":\"WebPage\",\"@id\":\"https:\/\/redcol.co\/es\/school-news\/liliana-gomez-nueva-rectora-de-newport-school\/\",\"url\":\"https:\/\/redcol.co\/es\/school-news\/liliana-gomez-nueva-rectora-de-newport-school\/\",\"name\":\"Liliana G\u00f3mez, nueva rectora de Newport School - Redcol\",\"isPartOf\":{\"@id\":\"https:\/\/redcol.co\/es\/#website\"},\"primaryImageOfPage\":{\"@id\":\"https:\/\/redcol.co\/es\/school-news\/liliana-gomez-nueva-rectora-de-newport-school\/#primaryimage\"},\"image\":{\"@id\":\"https:\/\/redcol.co\/es\/school-news\/liliana-gomez-nueva-rectora-de-newport-school\/#primaryimage\"},\"thumbnailUrl\":\"https:\/\/redcol.co\/wp-content\/uploads\/sites\/51\/2025\/03\/LilianaGomez-Perfil.png\",\"datePublished\":\"2024-10-01T04:03:52+00:00\",\"breadcrumb\":{\"@id\":\"https:\/\/redcol.co\/es\/school-news\/liliana-gomez-nueva-rectora-de-newport-school\/#breadcrumb\"},\"inLanguage\":\"es\",\"potentialAction\":[{\"@type\":\"ReadAction\",\"target\":[\"https:\/\/redcol.co\/es\/school-news\/liliana-gomez-nueva-rectora-de-newport-school\/\"]}]},{\"@type\":\"ImageObject\",\"inLanguage\":\"es\",\"@id\":\"https:\/\/redcol.co\/es\/school-news\/liliana-gomez-nueva-rectora-de-newport-school\/#primaryimage\",\"url\":\"https:\/\/redcol.co\/wp-content\/uploads\/sites\/51\/2025\/03\/LilianaGomez-Perfil.png\",\"contentUrl\":\"https:\/\/redcol.co\/wp-content\/uploads\/sites\/51\/2025\/03\/LilianaGomez-Perfil.png\",\"width\":1200,\"height\":499},{\"@type\":\"BreadcrumbList\",\"@id\":\"https:\/\/redcol.co\/es\/school-news\/liliana-gomez-nueva-rectora-de-newport-school\/#breadcrumb\",\"itemListElement\":[{\"@type\":\"ListItem\",\"position\":1,\"name\":\"Home\",\"item\":\"https:\/\/redcol.co\/es\/\"},{\"@type\":\"ListItem\",\"position\":2,\"name\":\"Liliana G\u00f3mez, nueva rectora de Newport School\"}]},{\"@type\":\"WebSite\",\"@id\":\"https:\/\/redcol.co\/es\/#website\",\"url\":\"https:\/\/redcol.co\/es\/\",\"name\":\"Redcol\",\"description\":\"\",\"publisher\":{\"@id\":\"https:\/\/redcol.co\/es\/#organization\"},\"potentialAction\":[{\"@type\":\"SearchAction\",\"target\":{\"@type\":\"EntryPoint\",\"urlTemplate\":\"https:\/\/redcol.co\/es\/?s={search_term_string}\"},\"query-input\":{\"@type\":\"PropertyValueSpecification\",\"valueRequired\":true,\"valueName\":\"search_term_string\"}}],\"inLanguage\":\"es\"},{\"@type\":\"Organization\",\"@id\":\"https:\/\/redcol.co\/es\/#organization\",\"name\":\"Redcol\",\"url\":\"https:\/\/redcol.co\/es\/\",\"logo\":{\"@type\":\"ImageObject\",\"inLanguage\":\"es\",\"@id\":\"https:\/\/redcol.co\/es\/#\/schema\/logo\/image\/\",\"url\":\"https:\/\/redcol.co\/wp-content\/uploads\/sites\/51\/2025\/03\/logo-color-38.png\",\"contentUrl\":\"https:\/\/redcol.co\/wp-content\/uploads\/sites\/51\/2025\/03\/logo-color-38.png\",\"width\":5110,\"height\":1020,\"caption\":\"Redcol\"},\"image\":{\"@id\":\"https:\/\/redcol.co\/es\/#\/schema\/logo\/image\/\"},\"sameAs\":[\"https:\/\/www.facebook.com\/redcolholdingSAS\",\"https:\/\/www.instagram.com\/redcolholding\/\",\"https:\/\/www.youtube.com\/channel\/UC_mTM-cU4nAoCWceVW7oqoA\",\"https:\/\/www.linkedin.com\/company\/10804270\/admin\/\"]}]}<\/script>\n<!-- \/ Yoast SEO plugin. -->","yoast_head_json":{"title":"Liliana G\u00f3mez, nueva rectora de Newport School - Redcol","robots":{"index":"index","follow":"follow","max-snippet":"max-snippet:-1","max-image-preview":"max-image-preview:large","max-video-preview":"max-video-preview:-1"},"canonical":"https:\/\/redcol.co\/es\/school-news\/liliana-gomez-nueva-rectora-de-newport-school\/","og_locale":"es_ES","og_type":"article","og_title":"Liliana G\u00f3mez, nueva rectora de Newport School - Redcol","og_description":"Newport School se encuentra en un momento emocionante de cambio y crecimiento. Despu\u00e9s de un a\u00f1o lleno de aprendizajes y desaf\u00edos, nos encaminamos hacia una nueva etapa que promete fortalecer [&hellip;]","og_url":"https:\/\/redcol.co\/es\/school-news\/liliana-gomez-nueva-rectora-de-newport-school\/","og_site_name":"Redcol","article_publisher":"https:\/\/www.facebook.com\/redcolholdingSAS","og_image":[{"width":1200,"height":499,"url":"https:\/\/redcol.co\/wp-content\/uploads\/sites\/51\/2025\/03\/LilianaGomez-Perfil.png","type":"image\/png"}],"twitter_card":"summary_large_image","twitter_misc":{"Tiempo de lectura":"2 minutos"},"schema":{"@context":"https:\/\/schema.org","@graph":[{"@type":"WebPage","@id":"https:\/\/redcol.co\/es\/school-news\/liliana-gomez-nueva-rectora-de-newport-school\/","url":"https:\/\/redcol.co\/es\/school-news\/liliana-gomez-nueva-rectora-de-newport-school\/","name":"Liliana G\u00f3mez, nueva rectora de Newport School - Redcol","isPartOf":{"@id":"https:\/\/redcol.co\/es\/#website"},"primaryImageOfPage":{"@id":"https:\/\/redcol.co\/es\/school-news\/liliana-gomez-nueva-rectora-de-newport-school\/#primaryimage"},"image":{"@id":"https:\/\/redcol.co\/es\/school-news\/liliana-gomez-nueva-rectora-de-newport-school\/#primaryimage"},"thumbnailUrl":"https:\/\/redcol.co\/wp-content\/uploads\/sites\/51\/2025\/03\/LilianaGomez-Perfil.png","datePublished":"2024-10-01T04:03:52+00:00","breadcrumb":{"@id":"https:\/\/redcol.co\/es\/school-news\/liliana-gomez-nueva-rectora-de-newport-school\/#breadcrumb"},"inLanguage":"es","potentialAction":[{"@type":"ReadAction","target":["https:\/\/redcol.co\/es\/school-news\/liliana-gomez-nueva-rectora-de-newport-school\/"]}]},{"@type":"ImageObject","inLanguage":"es","@id":"https:\/\/redcol.co\/es\/school-news\/liliana-gomez-nueva-rectora-de-newport-school\/#primaryimage","url":"https:\/\/redcol.co\/wp-content\/uploads\/sites\/51\/2025\/03\/LilianaGomez-Perfil.png","contentUrl":"https:\/\/redcol.co\/wp-content\/uploads\/sites\/51\/2025\/03\/LilianaGomez-Perfil.png","width":1200,"height":499},{"@type":"BreadcrumbList","@id":"https:\/\/redcol.co\/es\/school-news\/liliana-gomez-nueva-rectora-de-newport-school\/#breadcrumb","itemListElement":[{"@type":"ListItem","position":1,"name":"Home","item":"https:\/\/redcol.co\/es\/"},{"@type":"ListItem","position":2,"name":"Liliana G\u00f3mez, nueva rectora de Newport School"}]},{"@type":"WebSite","@id":"https:\/\/redcol.co\/es\/#website","url":"https:\/\/redcol.co\/es\/","name":"Redcol","description":"","publisher":{"@id":"https:\/\/redcol.co\/es\/#organization"},"potentialAction":[{"@type":"SearchAction","target":{"@type":"EntryPoint","urlTemplate":"https:\/\/redcol.co\/es\/?s={search_term_string}"},"query-input":{"@type":"PropertyValueSpecification","valueRequired":true,"valueName":"search_term_string"}}],"inLanguage":"es"},{"@type":"Organization","@id":"https:\/\/redcol.co\/es\/#organization","name":"Redcol","url":"https:\/\/redcol.co\/es\/","logo":{"@type":"ImageObject","inLanguage":"es","@id":"https:\/\/redcol.co\/es\/#\/schema\/logo\/image\/","url":"https:\/\/redcol.co\/wp-content\/uploads\/sites\/51\/2025\/03\/logo-color-38.png","contentUrl":"https:\/\/redcol.co\/wp-content\/uploads\/sites\/51\/2025\/03\/logo-color-38.png","width":5110,"height":1020,"caption":"Redcol"},"image":{"@id":"https:\/\/redcol.co\/es\/#\/schema\/logo\/image\/"},"sameAs":["https:\/\/www.facebook.com\/redcolholdingSAS","https:\/\/www.instagram.com\/redcolholding\/","https:\/\/www.youtube.com\/channel\/UC_mTM-cU4nAoCWceVW7oqoA","https:\/\/www.linkedin.com\/company\/10804270\/admin\/"]}]}},"jetpack_sharing_enabled":true,"_links":{"self":[{"href":"https:\/\/redcol.co\/es\/wp-json\/wp\/v2\/school-news\/132","targetHints":{"allow":["GET"]}}],"collection":[{"href":"https:\/\/redcol.co\/es\/wp-json\/wp\/v2\/school-news"}],"about":[{"href":"https:\/\/redcol.co\/es\/wp-json\/wp\/v2\/types\/school-news"}],"version-history":[{"count":0,"href":"https:\/\/redcol.co\/es\/wp-json\/wp\/v2\/school-news\/132\/revisions"}],"wp:featuredmedia":[{"embeddable":true,"href":"https:\/\/redcol.co\/es\/wp-json\/wp\/v2\/media\/133"}],"wp:attachment":[{"href":"https:\/\/redcol.co\/es\/wp-json\/wp\/v2\/media?parent=132"}],"curies":[{"name":"wp","href":"https:\/\/api.w.org\/{rel}","templated":true}]}}