{"id":142,"date":"2024-09-27T00:34:49","date_gmt":"2024-09-27T05:34:49","guid":{"rendered":"https:\/\/redcol.haztuqr.cl\/todos-somos-redcol-primer-foro-anual-de-rectores\/"},"modified":"2024-09-27T00:34:49","modified_gmt":"2024-09-27T05:34:49","slug":"todos-somos-redcol-primer-foro-anual-de-rectores","status":"publish","type":"school-news","link":"https:\/\/redcol.co\/es\/school-news\/todos-somos-redcol-primer-foro-anual-de-rectores\/","title":{"rendered":"\u00a1Todos somos Redcol! Primer Foro Anual de Rectores"},"content":{"rendered":"<p><span><span><span><span><span><span>Por primera vez, se llev\u00f3 a cabo el <\/span><\/span><\/span><\/span><\/span><\/span><span><span><span><strong><span><span>Foro Anual de Rectores Redcol<\/span><\/span><\/strong><\/span><\/span><\/span><span><span><span><span><span><span>, un encuentro clave cuyo objetivo principal fue fortalecer la sinergia entre nuestras instituciones, consolidando a los rectores como el motor de nuestra red educativa. Este esfuerzo conjunto, orientado a crear una red colaborativa y s\u00f3lida, tuvo lugar en la ciudad de Cali, con la participaci\u00f3n de los l\u00edderes de nuestros 9 colegios.<\/span><\/span><\/span><\/span><\/span><\/span><\/p>\n<p><span><span><span><span><span><span>El foro se enfoc\u00f3 en tres temas esenciales que buscan mejorar y alinear los esfuerzos educativos a nivel nacional:<\/span><\/span><\/span><\/span><\/span><\/span><\/p>\n<ol>\n<li><span><span><span><strong><span><span>Principios pedag\u00f3gicos: <\/span><\/span><\/strong><\/span><\/span><\/span><span><span><span><span><span><span>Los rectores participaron en un taller pr\u00e1ctico centrado en los principios que gu\u00edan la misi\u00f3n y visi\u00f3n de cada instituci\u00f3n, con el objetivo de mantener una pedagog\u00eda coherente y alineada con los objetivos educativos. El taller fue dirigido por Paola Garc\u00eda, vicepresidenta de educaci\u00f3n, y Patricia Escobar, rectora de New Cambridge School Cali. Como parte de la sesi\u00f3n, utilizaron el libro Start with Why como herramienta clave, reflexionando de manera activa sobre el &#8220;gran porqu\u00e9&#8221; detr\u00e1s de la educaci\u00f3n que ofrecemos.<\/span><\/span><\/span><\/span><\/span><\/span> <\/li>\n<li><span><span><span><strong><span><span>Comunicaciones gerenciales:<\/span><\/span><\/strong><\/span><\/span><\/span><span><span><span><span><span><span> En colaboraci\u00f3n con la <\/span><\/span><\/span><\/span><\/span><\/span><span><span><span><strong><span><span>Universidad Icesi<\/span><\/span><\/strong><\/span><\/span><\/span><span><span><span><span><span><span>, los rectores exploraron estrategias de desarrollo profesional para mejorar la gesti\u00f3n y comunicaci\u00f3n entre las diferentes \u00e1reas de liderazgo dentro de cada colegio.<\/span><\/span><\/span><\/span><\/span><\/span> <\/li>\n<li><span><span><span><strong><span><span>Aseguramiento de la calidad:<\/span><\/span><\/strong><\/span><\/span><\/span><span><span><span><span><span><span> Se analiz\u00f3 el marco de aseguramiento de la calidad de Cognita, un proceso fundamental para garantizar que cada instituci\u00f3n se autoeval\u00fae, desarrolle planes de mejoramiento y monitoree su progreso. Este enfoque asegura que la excelencia educativa sea un est\u00e1ndar constante en todos nuestros colegios.<\/span><\/span><\/span><\/span><\/span><\/span><\/li>\n<\/ol>\n<p><span><span><span><span><span><span>Durante el encuentro, se realiz\u00f3 la posesi\u00f3n oficial del nuevo rector de <\/span><\/span><\/span><\/span><\/span><\/span><span><span><span><strong><span><span>Arboleda School<\/span><\/span><\/strong><\/span><\/span><\/span><span><span><span><span><span><span>, <\/span><\/span><\/span><\/span><\/span><\/span><span><span><span><strong><span><span>Efra\u00edn Pinto<\/span><\/span><\/strong><\/span><\/span><\/span><span><span><span><span><span><span>, quien se une formalmente a nuestra comunidad educativa. Esta ceremonia represent\u00f3 un paso importante en la consolidaci\u00f3n del liderazgo en este colegio.<\/span><\/span><\/span><\/span><\/span><\/span><\/p>\n<p><span><span><span><span><span><span>Los asistentes tuvieron la oportunidad de recorrer las instalaciones de los colegios <\/span><\/span><\/span><\/span><\/span><\/span><span><span><span><strong><span><span>New Cambridge School Cali y Arboleda School<\/span><\/span><\/strong><\/span><\/span><\/span><span><span><span><span><span><span>, reafirmando el compromiso del trabajo en equipo en pro del crecimiento y desarrollo de nuestros estudiantes.<\/span><\/span><\/span><\/span><\/span><\/span><\/p>\n<p><span><span><span><span><span><span>Este foro marca el<\/span><\/span><\/span><\/span><\/span><\/span><span><span><span><strong><span><span> inicio de una nueva etapa en la que nuestros rectores trabajan unidos para construir una red educativa m\u00e1s fuerte<\/span><\/span><\/strong><\/span><\/span><\/span><span><span><span><span><span><span>, siempre centrada en la mejora continua y en la formaci\u00f3n de l\u00edderes del ma\u00f1ana.<\/span><\/span><\/span><\/span><\/span><\/span><\/p>\n","protected":false},"excerpt":{"rendered":"<p>Por primera vez, se llev\u00f3 a cabo el Foro Anual de Rectores Redcol, un encuentro clave cuyo objetivo principal fue fortalecer la sinergia entre nuestras instituciones, consolidando a los rectores [&hellip;]<\/p>\n","protected":false},"featured_media":143,"template":"","class_list":["post-142","school-news","type-school-news","status-publish","has-post-thumbnail","hentry"],"acf":[],"yoast_head":"<!-- This site is optimized with the Yoast SEO plugin v27.1.1 - https:\/\/yoast.com\/product\/yoast-seo-wordpress\/ -->\n<title>\u00a1Todos somos Redcol! Primer Foro Anual de Rectores - Redcol<\/title>\n<meta name=\"robots\" content=\"index, follow, max-snippet:-1, max-image-preview:large, max-video-preview:-1\" \/>\n<link rel=\"canonical\" href=\"https:\/\/redcol.co\/es\/school-news\/todos-somos-redcol-primer-foro-anual-de-rectores\/\" \/>\n<meta property=\"og:locale\" content=\"es_ES\" \/>\n<meta property=\"og:type\" content=\"article\" \/>\n<meta property=\"og:title\" content=\"\u00a1Todos somos Redcol! Primer Foro Anual de Rectores - Redcol\" \/>\n<meta property=\"og:description\" content=\"Por primera vez, se llev\u00f3 a cabo el Foro Anual de Rectores Redcol, un encuentro clave cuyo objetivo principal fue fortalecer la sinergia entre nuestras instituciones, consolidando a los rectores [&hellip;]\" \/>\n<meta property=\"og:url\" content=\"https:\/\/redcol.co\/es\/school-news\/todos-somos-redcol-primer-foro-anual-de-rectores\/\" \/>\n<meta property=\"og:site_name\" content=\"Redcol\" \/>\n<meta property=\"article:publisher\" content=\"https:\/\/www.facebook.com\/redcolholdingSAS\" \/>\n<meta property=\"og:image\" content=\"https:\/\/redcol.co\/wp-content\/uploads\/sites\/51\/2025\/03\/foro-rectores-portada2.jpg\" \/>\n\t<meta property=\"og:image:width\" content=\"1200\" \/>\n\t<meta property=\"og:image:height\" content=\"499\" \/>\n\t<meta property=\"og:image:type\" content=\"image\/jpeg\" \/>\n<meta name=\"twitter:card\" content=\"summary_large_image\" \/>\n<meta name=\"twitter:label1\" content=\"Tiempo de lectura\" \/>\n\t<meta name=\"twitter:data1\" content=\"2 minutos\" \/>\n<script type=\"application\/ld+json\" class=\"yoast-schema-graph\">{\"@context\":\"https:\/\/schema.org\",\"@graph\":[{\"@type\":\"WebPage\",\"@id\":\"https:\/\/redcol.co\/es\/school-news\/todos-somos-redcol-primer-foro-anual-de-rectores\/\",\"url\":\"https:\/\/redcol.co\/es\/school-news\/todos-somos-redcol-primer-foro-anual-de-rectores\/\",\"name\":\"\u00a1Todos somos Redcol! Primer Foro Anual de Rectores - Redcol\",\"isPartOf\":{\"@id\":\"https:\/\/redcol.co\/es\/#website\"},\"primaryImageOfPage\":{\"@id\":\"https:\/\/redcol.co\/es\/school-news\/todos-somos-redcol-primer-foro-anual-de-rectores\/#primaryimage\"},\"image\":{\"@id\":\"https:\/\/redcol.co\/es\/school-news\/todos-somos-redcol-primer-foro-anual-de-rectores\/#primaryimage\"},\"thumbnailUrl\":\"https:\/\/redcol.co\/wp-content\/uploads\/sites\/51\/2025\/03\/foro-rectores-portada2.jpg\",\"datePublished\":\"2024-09-27T05:34:49+00:00\",\"breadcrumb\":{\"@id\":\"https:\/\/redcol.co\/es\/school-news\/todos-somos-redcol-primer-foro-anual-de-rectores\/#breadcrumb\"},\"inLanguage\":\"es\",\"potentialAction\":[{\"@type\":\"ReadAction\",\"target\":[\"https:\/\/redcol.co\/es\/school-news\/todos-somos-redcol-primer-foro-anual-de-rectores\/\"]}]},{\"@type\":\"ImageObject\",\"inLanguage\":\"es\",\"@id\":\"https:\/\/redcol.co\/es\/school-news\/todos-somos-redcol-primer-foro-anual-de-rectores\/#primaryimage\",\"url\":\"https:\/\/redcol.co\/wp-content\/uploads\/sites\/51\/2025\/03\/foro-rectores-portada2.jpg\",\"contentUrl\":\"https:\/\/redcol.co\/wp-content\/uploads\/sites\/51\/2025\/03\/foro-rectores-portada2.jpg\",\"width\":1200,\"height\":499},{\"@type\":\"BreadcrumbList\",\"@id\":\"https:\/\/redcol.co\/es\/school-news\/todos-somos-redcol-primer-foro-anual-de-rectores\/#breadcrumb\",\"itemListElement\":[{\"@type\":\"ListItem\",\"position\":1,\"name\":\"Home\",\"item\":\"https:\/\/redcol.co\/es\/\"},{\"@type\":\"ListItem\",\"position\":2,\"name\":\"\u00a1Todos somos Redcol! Primer Foro Anual de Rectores\"}]},{\"@type\":\"WebSite\",\"@id\":\"https:\/\/redcol.co\/es\/#website\",\"url\":\"https:\/\/redcol.co\/es\/\",\"name\":\"Redcol\",\"description\":\"\",\"publisher\":{\"@id\":\"https:\/\/redcol.co\/es\/#organization\"},\"potentialAction\":[{\"@type\":\"SearchAction\",\"target\":{\"@type\":\"EntryPoint\",\"urlTemplate\":\"https:\/\/redcol.co\/es\/?s={search_term_string}\"},\"query-input\":{\"@type\":\"PropertyValueSpecification\",\"valueRequired\":true,\"valueName\":\"search_term_string\"}}],\"inLanguage\":\"es\"},{\"@type\":\"Organization\",\"@id\":\"https:\/\/redcol.co\/es\/#organization\",\"name\":\"Redcol\",\"url\":\"https:\/\/redcol.co\/es\/\",\"logo\":{\"@type\":\"ImageObject\",\"inLanguage\":\"es\",\"@id\":\"https:\/\/redcol.co\/es\/#\/schema\/logo\/image\/\",\"url\":\"https:\/\/redcol.co\/wp-content\/uploads\/sites\/51\/2025\/03\/logo-color-38.png\",\"contentUrl\":\"https:\/\/redcol.co\/wp-content\/uploads\/sites\/51\/2025\/03\/logo-color-38.png\",\"width\":5110,\"height\":1020,\"caption\":\"Redcol\"},\"image\":{\"@id\":\"https:\/\/redcol.co\/es\/#\/schema\/logo\/image\/\"},\"sameAs\":[\"https:\/\/www.facebook.com\/redcolholdingSAS\",\"https:\/\/www.instagram.com\/redcolholding\/\",\"https:\/\/www.youtube.com\/channel\/UC_mTM-cU4nAoCWceVW7oqoA\",\"https:\/\/www.linkedin.com\/company\/10804270\/admin\/\"]}]}<\/script>\n<!-- \/ Yoast SEO plugin. -->","yoast_head_json":{"title":"\u00a1Todos somos Redcol! Primer Foro Anual de Rectores - Redcol","robots":{"index":"index","follow":"follow","max-snippet":"max-snippet:-1","max-image-preview":"max-image-preview:large","max-video-preview":"max-video-preview:-1"},"canonical":"https:\/\/redcol.co\/es\/school-news\/todos-somos-redcol-primer-foro-anual-de-rectores\/","og_locale":"es_ES","og_type":"article","og_title":"\u00a1Todos somos Redcol! Primer Foro Anual de Rectores - Redcol","og_description":"Por primera vez, se llev\u00f3 a cabo el Foro Anual de Rectores Redcol, un encuentro clave cuyo objetivo principal fue fortalecer la sinergia entre nuestras instituciones, consolidando a los rectores [&hellip;]","og_url":"https:\/\/redcol.co\/es\/school-news\/todos-somos-redcol-primer-foro-anual-de-rectores\/","og_site_name":"Redcol","article_publisher":"https:\/\/www.facebook.com\/redcolholdingSAS","og_image":[{"width":1200,"height":499,"url":"https:\/\/redcol.co\/wp-content\/uploads\/sites\/51\/2025\/03\/foro-rectores-portada2.jpg","type":"image\/jpeg"}],"twitter_card":"summary_large_image","twitter_misc":{"Tiempo de lectura":"2 minutos"},"schema":{"@context":"https:\/\/schema.org","@graph":[{"@type":"WebPage","@id":"https:\/\/redcol.co\/es\/school-news\/todos-somos-redcol-primer-foro-anual-de-rectores\/","url":"https:\/\/redcol.co\/es\/school-news\/todos-somos-redcol-primer-foro-anual-de-rectores\/","name":"\u00a1Todos somos Redcol! Primer Foro Anual de Rectores - Redcol","isPartOf":{"@id":"https:\/\/redcol.co\/es\/#website"},"primaryImageOfPage":{"@id":"https:\/\/redcol.co\/es\/school-news\/todos-somos-redcol-primer-foro-anual-de-rectores\/#primaryimage"},"image":{"@id":"https:\/\/redcol.co\/es\/school-news\/todos-somos-redcol-primer-foro-anual-de-rectores\/#primaryimage"},"thumbnailUrl":"https:\/\/redcol.co\/wp-content\/uploads\/sites\/51\/2025\/03\/foro-rectores-portada2.jpg","datePublished":"2024-09-27T05:34:49+00:00","breadcrumb":{"@id":"https:\/\/redcol.co\/es\/school-news\/todos-somos-redcol-primer-foro-anual-de-rectores\/#breadcrumb"},"inLanguage":"es","potentialAction":[{"@type":"ReadAction","target":["https:\/\/redcol.co\/es\/school-news\/todos-somos-redcol-primer-foro-anual-de-rectores\/"]}]},{"@type":"ImageObject","inLanguage":"es","@id":"https:\/\/redcol.co\/es\/school-news\/todos-somos-redcol-primer-foro-anual-de-rectores\/#primaryimage","url":"https:\/\/redcol.co\/wp-content\/uploads\/sites\/51\/2025\/03\/foro-rectores-portada2.jpg","contentUrl":"https:\/\/redcol.co\/wp-content\/uploads\/sites\/51\/2025\/03\/foro-rectores-portada2.jpg","width":1200,"height":499},{"@type":"BreadcrumbList","@id":"https:\/\/redcol.co\/es\/school-news\/todos-somos-redcol-primer-foro-anual-de-rectores\/#breadcrumb","itemListElement":[{"@type":"ListItem","position":1,"name":"Home","item":"https:\/\/redcol.co\/es\/"},{"@type":"ListItem","position":2,"name":"\u00a1Todos somos Redcol! Primer Foro Anual de Rectores"}]},{"@type":"WebSite","@id":"https:\/\/redcol.co\/es\/#website","url":"https:\/\/redcol.co\/es\/","name":"Redcol","description":"","publisher":{"@id":"https:\/\/redcol.co\/es\/#organization"},"potentialAction":[{"@type":"SearchAction","target":{"@type":"EntryPoint","urlTemplate":"https:\/\/redcol.co\/es\/?s={search_term_string}"},"query-input":{"@type":"PropertyValueSpecification","valueRequired":true,"valueName":"search_term_string"}}],"inLanguage":"es"},{"@type":"Organization","@id":"https:\/\/redcol.co\/es\/#organization","name":"Redcol","url":"https:\/\/redcol.co\/es\/","logo":{"@type":"ImageObject","inLanguage":"es","@id":"https:\/\/redcol.co\/es\/#\/schema\/logo\/image\/","url":"https:\/\/redcol.co\/wp-content\/uploads\/sites\/51\/2025\/03\/logo-color-38.png","contentUrl":"https:\/\/redcol.co\/wp-content\/uploads\/sites\/51\/2025\/03\/logo-color-38.png","width":5110,"height":1020,"caption":"Redcol"},"image":{"@id":"https:\/\/redcol.co\/es\/#\/schema\/logo\/image\/"},"sameAs":["https:\/\/www.facebook.com\/redcolholdingSAS","https:\/\/www.instagram.com\/redcolholding\/","https:\/\/www.youtube.com\/channel\/UC_mTM-cU4nAoCWceVW7oqoA","https:\/\/www.linkedin.com\/company\/10804270\/admin\/"]}]}},"jetpack_sharing_enabled":true,"_links":{"self":[{"href":"https:\/\/redcol.co\/es\/wp-json\/wp\/v2\/school-news\/142","targetHints":{"allow":["GET"]}}],"collection":[{"href":"https:\/\/redcol.co\/es\/wp-json\/wp\/v2\/school-news"}],"about":[{"href":"https:\/\/redcol.co\/es\/wp-json\/wp\/v2\/types\/school-news"}],"version-history":[{"count":0,"href":"https:\/\/redcol.co\/es\/wp-json\/wp\/v2\/school-news\/142\/revisions"}],"wp:featuredmedia":[{"embeddable":true,"href":"https:\/\/redcol.co\/es\/wp-json\/wp\/v2\/media\/143"}],"wp:attachment":[{"href":"https:\/\/redcol.co\/es\/wp-json\/wp\/v2\/media?parent=142"}],"curies":[{"name":"wp","href":"https:\/\/api.w.org\/{rel}","templated":true}]}}