{"id":157,"date":"2024-08-22T17:12:20","date_gmt":"2024-08-22T22:12:20","guid":{"rendered":"https:\/\/redcol.haztuqr.cl\/encuentro-de-lideres-educativos-cognita-en-chile\/"},"modified":"2024-08-22T17:12:20","modified_gmt":"2024-08-22T22:12:20","slug":"encuentro-de-lideres-educativos-cognita-en-chile","status":"publish","type":"school-news","link":"https:\/\/redcol.co\/es\/school-news\/encuentro-de-lideres-educativos-cognita-en-chile\/","title":{"rendered":"Encuentro de l\u00edderes educativos Cognita en Chile"},"content":{"rendered":"<p><span><span><span><span><span><span>Para continuar impulsando la calidad educativa en toda la regi\u00f3n, se celebr\u00f3 el <\/span><\/span><\/span><\/span><\/span><\/span><strong><span><span><span><span><em><span>Educational System Leaders Seminar<\/span><\/em><\/span><\/span><\/span><\/span><\/strong><span><span><span><span><span><span>, un encuentro que reuni\u00f3 a l\u00edderes de colegios de Brasil, M\u00e9xico, Chile y Colombia. Este a\u00f1o,<strong> Paola Garc\u00eda, Vicepresidente de Educaci\u00f3n de Redcol,<\/strong> particip\u00f3 en este espacio invaluable para compartir experiencias, fortalecer redes educativas y promover la movilizaci\u00f3n del conocimiento en LATAM.<\/span><\/span><\/span><\/span><\/span><\/span><\/p>\n<p><span><span><span><span><span><span>Durante el seminario, se abordaron estrategias que son clave para asegurar la calidad en la educaci\u00f3n, basado en los cuatro pilares del marco de calidad de Cognita. Estos pilares son fundamentales para garantizar que todos los colegios de la red logran resultados sobresalientes.<\/span><\/span><\/span><\/span><\/span><\/span><\/p>\n<p>                           <img fetchpriority=\"high\" decoding=\"async\" alt=\"calidad-educativa-cognita\" data-entity-type=\"\" data-entity-uuid=\"\" height=\"296\" src=\"https:\/\/redcol.co\/wp-content\/uploads\/sites\/51\/2025\/03\/calidad-cognita-LATAM.png\" width=\"317\"><\/p>\n<p><span><span><span><span><span><span>El primer paso en este proceso es una rigurosa autoevaluaci\u00f3n de cada colegio, lo que permite identificar \u00e1reas de mejora. A partir de esta evaluaci\u00f3n, se desarrollaron planes de mejoramiento espec\u00edficos que, aunque no son acciones inmediatas, establecen objetivos claros, criterios de \u00e9xito y tiempos definidos. Este enfoque asegura un seguimiento constante al \u00e9xito de los procesos definidos por cada instituci\u00f3n, lo que resulta en un ciclo continuo de mejora y crecimiento.<\/span><\/span><\/span><\/span><\/span><\/span><\/p>\n<p><span><span><span><span><span><span>Uno de los aspectos m\u00e1s destacados del seminario fue la oportunidad de establecer conexiones directas con l\u00edderes educativos de Brasil, Chile y M\u00e9xico. Estos intercambios de experiencias y buenas pr\u00e1cticas son fundamentales para continuar el crecimiento como una red s\u00f3lida y cohesionada en LATAM. La colaboraci\u00f3n internacional es esencial para seguir avanzando en la calidad educativa y asegurar que todos los colegios de Cognita mantengan los m\u00e1s altos est\u00e1ndares.<\/span><\/span><\/span><\/span><\/span><\/span><\/p>\n<p><span><span><span><span><span><span>El <em><strong>Educational System Leaders Seminar <\/strong><\/em>no solo fue un espacio para reflexionar y aprender, sino tambi\u00e9n para fortalecer las redes que permitir\u00e1n a los colegios de Cognita en LATAM alcanzar la excelencia educativa de manera conjunta y coordinada. La participaci\u00f3n de l\u00edderes como Paola Garc\u00eda subraya el compromiso de Redcol con la mejora continua y el liderazgo en la regi\u00f3n.<\/span><\/span><\/span><\/span><\/span><\/span><\/p>\n","protected":false},"excerpt":{"rendered":"<p>Para continuar impulsando la calidad educativa en toda la regi\u00f3n, se celebr\u00f3 el Educational System Leaders Seminar, un encuentro que reuni\u00f3 a l\u00edderes de colegios de Brasil, M\u00e9xico, Chile y [&hellip;]<\/p>\n","protected":false},"featured_media":160,"template":"","class_list":["post-157","school-news","type-school-news","status-publish","has-post-thumbnail","hentry"],"acf":[],"yoast_head":"<!-- This site is optimized with the Yoast SEO plugin v27.1.1 - https:\/\/yoast.com\/product\/yoast-seo-wordpress\/ -->\n<title>Encuentro de l\u00edderes educativos Cognita en Chile - Redcol<\/title>\n<meta name=\"robots\" content=\"index, follow, max-snippet:-1, max-image-preview:large, max-video-preview:-1\" \/>\n<link rel=\"canonical\" href=\"https:\/\/redcol.co\/es\/school-news\/encuentro-de-lideres-educativos-cognita-en-chile\/\" \/>\n<meta property=\"og:locale\" content=\"es_ES\" \/>\n<meta property=\"og:type\" content=\"article\" \/>\n<meta property=\"og:title\" content=\"Encuentro de l\u00edderes educativos Cognita en Chile - Redcol\" \/>\n<meta property=\"og:description\" content=\"Para continuar impulsando la calidad educativa en toda la regi\u00f3n, se celebr\u00f3 el Educational System Leaders Seminar, un encuentro que reuni\u00f3 a l\u00edderes de colegios de Brasil, M\u00e9xico, Chile y [&hellip;]\" \/>\n<meta property=\"og:url\" content=\"https:\/\/redcol.co\/es\/school-news\/encuentro-de-lideres-educativos-cognita-en-chile\/\" \/>\n<meta property=\"og:site_name\" content=\"Redcol\" \/>\n<meta property=\"article:publisher\" content=\"https:\/\/www.facebook.com\/redcolholdingSAS\" \/>\n<meta property=\"og:image\" content=\"https:\/\/redcol.co\/wp-content\/uploads\/sites\/51\/2025\/03\/lideres-cognita-portada.jpg\" \/>\n\t<meta property=\"og:image:width\" content=\"1200\" \/>\n\t<meta property=\"og:image:height\" content=\"499\" \/>\n\t<meta property=\"og:image:type\" content=\"image\/jpeg\" \/>\n<meta name=\"twitter:card\" content=\"summary_large_image\" \/>\n<meta name=\"twitter:label1\" content=\"Tiempo de lectura\" \/>\n\t<meta name=\"twitter:data1\" content=\"2 minutos\" \/>\n<script type=\"application\/ld+json\" class=\"yoast-schema-graph\">{\"@context\":\"https:\/\/schema.org\",\"@graph\":[{\"@type\":\"WebPage\",\"@id\":\"https:\/\/redcol.co\/es\/school-news\/encuentro-de-lideres-educativos-cognita-en-chile\/\",\"url\":\"https:\/\/redcol.co\/es\/school-news\/encuentro-de-lideres-educativos-cognita-en-chile\/\",\"name\":\"Encuentro de l\u00edderes educativos Cognita en Chile - Redcol\",\"isPartOf\":{\"@id\":\"https:\/\/redcol.co\/es\/#website\"},\"primaryImageOfPage\":{\"@id\":\"https:\/\/redcol.co\/es\/school-news\/encuentro-de-lideres-educativos-cognita-en-chile\/#primaryimage\"},\"image\":{\"@id\":\"https:\/\/redcol.co\/es\/school-news\/encuentro-de-lideres-educativos-cognita-en-chile\/#primaryimage\"},\"thumbnailUrl\":\"https:\/\/redcol.co\/wp-content\/uploads\/sites\/51\/2025\/03\/lideres-cognita-portada.jpg\",\"datePublished\":\"2024-08-22T22:12:20+00:00\",\"breadcrumb\":{\"@id\":\"https:\/\/redcol.co\/es\/school-news\/encuentro-de-lideres-educativos-cognita-en-chile\/#breadcrumb\"},\"inLanguage\":\"es\",\"potentialAction\":[{\"@type\":\"ReadAction\",\"target\":[\"https:\/\/redcol.co\/es\/school-news\/encuentro-de-lideres-educativos-cognita-en-chile\/\"]}]},{\"@type\":\"ImageObject\",\"inLanguage\":\"es\",\"@id\":\"https:\/\/redcol.co\/es\/school-news\/encuentro-de-lideres-educativos-cognita-en-chile\/#primaryimage\",\"url\":\"https:\/\/redcol.co\/wp-content\/uploads\/sites\/51\/2025\/03\/lideres-cognita-portada.jpg\",\"contentUrl\":\"https:\/\/redcol.co\/wp-content\/uploads\/sites\/51\/2025\/03\/lideres-cognita-portada.jpg\",\"width\":1200,\"height\":499},{\"@type\":\"BreadcrumbList\",\"@id\":\"https:\/\/redcol.co\/es\/school-news\/encuentro-de-lideres-educativos-cognita-en-chile\/#breadcrumb\",\"itemListElement\":[{\"@type\":\"ListItem\",\"position\":1,\"name\":\"Home\",\"item\":\"https:\/\/redcol.co\/es\/\"},{\"@type\":\"ListItem\",\"position\":2,\"name\":\"Encuentro de l\u00edderes educativos Cognita en Chile\"}]},{\"@type\":\"WebSite\",\"@id\":\"https:\/\/redcol.co\/es\/#website\",\"url\":\"https:\/\/redcol.co\/es\/\",\"name\":\"Redcol\",\"description\":\"\",\"publisher\":{\"@id\":\"https:\/\/redcol.co\/es\/#organization\"},\"potentialAction\":[{\"@type\":\"SearchAction\",\"target\":{\"@type\":\"EntryPoint\",\"urlTemplate\":\"https:\/\/redcol.co\/es\/?s={search_term_string}\"},\"query-input\":{\"@type\":\"PropertyValueSpecification\",\"valueRequired\":true,\"valueName\":\"search_term_string\"}}],\"inLanguage\":\"es\"},{\"@type\":\"Organization\",\"@id\":\"https:\/\/redcol.co\/es\/#organization\",\"name\":\"Redcol\",\"url\":\"https:\/\/redcol.co\/es\/\",\"logo\":{\"@type\":\"ImageObject\",\"inLanguage\":\"es\",\"@id\":\"https:\/\/redcol.co\/es\/#\/schema\/logo\/image\/\",\"url\":\"https:\/\/redcol.co\/wp-content\/uploads\/sites\/51\/2025\/03\/logo-color-38.png\",\"contentUrl\":\"https:\/\/redcol.co\/wp-content\/uploads\/sites\/51\/2025\/03\/logo-color-38.png\",\"width\":5110,\"height\":1020,\"caption\":\"Redcol\"},\"image\":{\"@id\":\"https:\/\/redcol.co\/es\/#\/schema\/logo\/image\/\"},\"sameAs\":[\"https:\/\/www.facebook.com\/redcolholdingSAS\",\"https:\/\/www.instagram.com\/redcolholding\/\",\"https:\/\/www.youtube.com\/channel\/UC_mTM-cU4nAoCWceVW7oqoA\",\"https:\/\/www.linkedin.com\/company\/10804270\/admin\/\"]}]}<\/script>\n<!-- \/ Yoast SEO plugin. -->","yoast_head_json":{"title":"Encuentro de l\u00edderes educativos Cognita en Chile - Redcol","robots":{"index":"index","follow":"follow","max-snippet":"max-snippet:-1","max-image-preview":"max-image-preview:large","max-video-preview":"max-video-preview:-1"},"canonical":"https:\/\/redcol.co\/es\/school-news\/encuentro-de-lideres-educativos-cognita-en-chile\/","og_locale":"es_ES","og_type":"article","og_title":"Encuentro de l\u00edderes educativos Cognita en Chile - Redcol","og_description":"Para continuar impulsando la calidad educativa en toda la regi\u00f3n, se celebr\u00f3 el Educational System Leaders Seminar, un encuentro que reuni\u00f3 a l\u00edderes de colegios de Brasil, M\u00e9xico, Chile y [&hellip;]","og_url":"https:\/\/redcol.co\/es\/school-news\/encuentro-de-lideres-educativos-cognita-en-chile\/","og_site_name":"Redcol","article_publisher":"https:\/\/www.facebook.com\/redcolholdingSAS","og_image":[{"width":1200,"height":499,"url":"https:\/\/redcol.co\/wp-content\/uploads\/sites\/51\/2025\/03\/lideres-cognita-portada.jpg","type":"image\/jpeg"}],"twitter_card":"summary_large_image","twitter_misc":{"Tiempo de lectura":"2 minutos"},"schema":{"@context":"https:\/\/schema.org","@graph":[{"@type":"WebPage","@id":"https:\/\/redcol.co\/es\/school-news\/encuentro-de-lideres-educativos-cognita-en-chile\/","url":"https:\/\/redcol.co\/es\/school-news\/encuentro-de-lideres-educativos-cognita-en-chile\/","name":"Encuentro de l\u00edderes educativos Cognita en Chile - Redcol","isPartOf":{"@id":"https:\/\/redcol.co\/es\/#website"},"primaryImageOfPage":{"@id":"https:\/\/redcol.co\/es\/school-news\/encuentro-de-lideres-educativos-cognita-en-chile\/#primaryimage"},"image":{"@id":"https:\/\/redcol.co\/es\/school-news\/encuentro-de-lideres-educativos-cognita-en-chile\/#primaryimage"},"thumbnailUrl":"https:\/\/redcol.co\/wp-content\/uploads\/sites\/51\/2025\/03\/lideres-cognita-portada.jpg","datePublished":"2024-08-22T22:12:20+00:00","breadcrumb":{"@id":"https:\/\/redcol.co\/es\/school-news\/encuentro-de-lideres-educativos-cognita-en-chile\/#breadcrumb"},"inLanguage":"es","potentialAction":[{"@type":"ReadAction","target":["https:\/\/redcol.co\/es\/school-news\/encuentro-de-lideres-educativos-cognita-en-chile\/"]}]},{"@type":"ImageObject","inLanguage":"es","@id":"https:\/\/redcol.co\/es\/school-news\/encuentro-de-lideres-educativos-cognita-en-chile\/#primaryimage","url":"https:\/\/redcol.co\/wp-content\/uploads\/sites\/51\/2025\/03\/lideres-cognita-portada.jpg","contentUrl":"https:\/\/redcol.co\/wp-content\/uploads\/sites\/51\/2025\/03\/lideres-cognita-portada.jpg","width":1200,"height":499},{"@type":"BreadcrumbList","@id":"https:\/\/redcol.co\/es\/school-news\/encuentro-de-lideres-educativos-cognita-en-chile\/#breadcrumb","itemListElement":[{"@type":"ListItem","position":1,"name":"Home","item":"https:\/\/redcol.co\/es\/"},{"@type":"ListItem","position":2,"name":"Encuentro de l\u00edderes educativos Cognita en Chile"}]},{"@type":"WebSite","@id":"https:\/\/redcol.co\/es\/#website","url":"https:\/\/redcol.co\/es\/","name":"Redcol","description":"","publisher":{"@id":"https:\/\/redcol.co\/es\/#organization"},"potentialAction":[{"@type":"SearchAction","target":{"@type":"EntryPoint","urlTemplate":"https:\/\/redcol.co\/es\/?s={search_term_string}"},"query-input":{"@type":"PropertyValueSpecification","valueRequired":true,"valueName":"search_term_string"}}],"inLanguage":"es"},{"@type":"Organization","@id":"https:\/\/redcol.co\/es\/#organization","name":"Redcol","url":"https:\/\/redcol.co\/es\/","logo":{"@type":"ImageObject","inLanguage":"es","@id":"https:\/\/redcol.co\/es\/#\/schema\/logo\/image\/","url":"https:\/\/redcol.co\/wp-content\/uploads\/sites\/51\/2025\/03\/logo-color-38.png","contentUrl":"https:\/\/redcol.co\/wp-content\/uploads\/sites\/51\/2025\/03\/logo-color-38.png","width":5110,"height":1020,"caption":"Redcol"},"image":{"@id":"https:\/\/redcol.co\/es\/#\/schema\/logo\/image\/"},"sameAs":["https:\/\/www.facebook.com\/redcolholdingSAS","https:\/\/www.instagram.com\/redcolholding\/","https:\/\/www.youtube.com\/channel\/UC_mTM-cU4nAoCWceVW7oqoA","https:\/\/www.linkedin.com\/company\/10804270\/admin\/"]}]}},"jetpack_sharing_enabled":true,"_links":{"self":[{"href":"https:\/\/redcol.co\/es\/wp-json\/wp\/v2\/school-news\/157","targetHints":{"allow":["GET"]}}],"collection":[{"href":"https:\/\/redcol.co\/es\/wp-json\/wp\/v2\/school-news"}],"about":[{"href":"https:\/\/redcol.co\/es\/wp-json\/wp\/v2\/types\/school-news"}],"version-history":[{"count":0,"href":"https:\/\/redcol.co\/es\/wp-json\/wp\/v2\/school-news\/157\/revisions"}],"wp:featuredmedia":[{"embeddable":true,"href":"https:\/\/redcol.co\/es\/wp-json\/wp\/v2\/media\/160"}],"wp:attachment":[{"href":"https:\/\/redcol.co\/es\/wp-json\/wp\/v2\/media?parent=157"}],"curies":[{"name":"wp","href":"https:\/\/api.w.org\/{rel}","templated":true}]}}