{"id":226,"date":"2020-12-17T16:57:21","date_gmt":"2020-12-17T21:57:21","guid":{"rendered":"https:\/\/redcol.haztuqr.cl\/conversemos-sobre-educacion-que-paso-que-ha-pasado-y-hacia-donde-vamos\/"},"modified":"2020-12-17T16:57:21","modified_gmt":"2020-12-17T21:57:21","slug":"conversemos-sobre-educacion-que-paso-que-ha-pasado-y-hacia-donde-vamos","status":"publish","type":"school-news","link":"https:\/\/redcol.co\/es\/school-news\/conversemos-sobre-educacion-que-paso-que-ha-pasado-y-hacia-donde-vamos\/","title":{"rendered":"Conversemos sobre educaci\u00f3n: Qu\u00e9 pas\u00f3, qu\u00e9 ha pasado y hacia d\u00f3nde vamos."},"content":{"rendered":"<p><span><span><span><span><span><span>El pasado mi\u00e9rcoles 2 de diciembre nuestra instituci\u00f3n Bureche School llev\u00f3 a cabo el evento virtual <\/span><\/span><\/span><\/span><\/span><\/span><span><span><span><span><em><span><strong>Conversemos sobre educaci\u00f3n: Qu\u00e9 pas\u00f3, qu\u00e9 ha pasado y hacia d\u00f3nde vamos.<\/strong> <\/span><\/em><\/span><\/span><\/span><\/span><span><span><span><span><span><span>El encuentro cont\u00f3 con la participaci\u00f3n del presidente de Redcol, Jairo Augusto Rey; la rectora del Colegio, Carolina Henriquez; la ex ministra de Educaci\u00f3n, Cecilia Mar\u00eda V\u00e9lez, la fundadora y directora del colegio Hacienda Los Alcaparros, Rosita Caro Restrepo y el profesor de la Universidad de los Andes, Juan Camilo C\u00e1rdenas.<\/span><\/span><\/span><\/span><\/span><\/span><\/p>\n<p><span><span><span><span><span><span>Durante el conversatorio, los expertos reflexionaron sobre los desaf\u00edos actuales de la educaci\u00f3n y las oportunidades que tiene el sector para construir un mundo justo y sostenible.<\/span><\/span><\/span><\/span><\/span><\/span><\/p>\n<p>   <!-- THEME DEBUG --> <!-- THEME HOOK: 'field' --> <!-- FILE NAME SUGGESTIONS: * field-paragraph-field-video-bloque-intro.html.twig * field-paragraph-field-video.html.twig * field-paragraph-bloque-intro.html.twig * field-field-video.html.twig * field-video-embed-field.html.twig x field.html.twig --> <!-- BEGIN OUTPUT from 'themes\/contrib\/bootstrap\/templates\/field\/field.html.twig' --> <\/p>\n<div class=\"field field--name-field-video field--type-video-embed-field field--label-hidden field--item\"> <!-- THEME DEBUG --> <!-- THEME HOOK: 'container' --> <!-- BEGIN OUTPUT from 'themes\/custom\/redcol\/templates\/system\/container.html.twig' --> <!-- THEME DEBUG --> <!-- THEME HOOK: 'video_embed_iframe__youtube' --> <!-- FILE NAME SUGGESTIONS: * video-embed-iframe-youtube.html.twig x video-embed-iframe.html.twig --> <!-- BEGIN OUTPUT from 'modules\/contrib\/video_embed_field\/templates\/video-embed-iframe.html.twig' -->  <!-- END OUTPUT from 'modules\/contrib\/video_embed_field\/templates\/video-embed-iframe.html.twig' --> <!-- END OUTPUT from 'themes\/custom\/redcol\/templates\/system\/container.html.twig' --> <\/div>\n<p> <!-- END OUTPUT from 'themes\/contrib\/bootstrap\/templates\/field\/field.html.twig' --><\/p>\n","protected":false},"excerpt":{"rendered":"<p>El pasado mi\u00e9rcoles 2 de diciembre nuestra instituci\u00f3n Bureche School llev\u00f3 a cabo el evento virtual Conversemos sobre educaci\u00f3n: Qu\u00e9 pas\u00f3, qu\u00e9 ha pasado y hacia d\u00f3nde vamos. El encuentro [&hellip;]<\/p>\n","protected":false},"featured_media":227,"template":"","class_list":["post-226","school-news","type-school-news","status-publish","has-post-thumbnail","hentry"],"acf":[],"yoast_head":"<!-- This site is optimized with the Yoast SEO plugin v27.1.1 - https:\/\/yoast.com\/product\/yoast-seo-wordpress\/ -->\n<title>Conversemos sobre educaci\u00f3n: Qu\u00e9 pas\u00f3, qu\u00e9 ha pasado y hacia d\u00f3nde vamos. - Redcol<\/title>\n<meta name=\"robots\" content=\"index, follow, max-snippet:-1, max-image-preview:large, max-video-preview:-1\" \/>\n<link rel=\"canonical\" href=\"https:\/\/redcol.co\/es\/school-news\/conversemos-sobre-educacion-que-paso-que-ha-pasado-y-hacia-donde-vamos\/\" \/>\n<meta property=\"og:locale\" content=\"es_ES\" \/>\n<meta property=\"og:type\" content=\"article\" \/>\n<meta property=\"og:title\" content=\"Conversemos sobre educaci\u00f3n: Qu\u00e9 pas\u00f3, qu\u00e9 ha pasado y hacia d\u00f3nde vamos. - Redcol\" \/>\n<meta property=\"og:description\" content=\"El pasado mi\u00e9rcoles 2 de diciembre nuestra instituci\u00f3n Bureche School llev\u00f3 a cabo el evento virtual Conversemos sobre educaci\u00f3n: Qu\u00e9 pas\u00f3, qu\u00e9 ha pasado y hacia d\u00f3nde vamos. El encuentro [&hellip;]\" \/>\n<meta property=\"og:url\" content=\"https:\/\/redcol.co\/es\/school-news\/conversemos-sobre-educacion-que-paso-que-ha-pasado-y-hacia-donde-vamos\/\" \/>\n<meta property=\"og:site_name\" content=\"Redcol\" \/>\n<meta property=\"article:publisher\" content=\"https:\/\/www.facebook.com\/redcolholdingSAS\" \/>\n<meta property=\"og:image\" content=\"https:\/\/redcol.co\/wp-content\/uploads\/sites\/51\/2025\/03\/desktop-mejores-colegios.-santamarta-colombia-educacion-redcol.png\" \/>\n\t<meta property=\"og:image:width\" content=\"1920\" \/>\n\t<meta property=\"og:image:height\" content=\"700\" \/>\n\t<meta property=\"og:image:type\" content=\"image\/png\" \/>\n<meta name=\"twitter:card\" content=\"summary_large_image\" \/>\n<meta name=\"twitter:label1\" content=\"Tiempo de lectura\" \/>\n\t<meta name=\"twitter:data1\" content=\"1 minuto\" \/>\n<script type=\"application\/ld+json\" class=\"yoast-schema-graph\">{\"@context\":\"https:\/\/schema.org\",\"@graph\":[{\"@type\":\"WebPage\",\"@id\":\"https:\/\/redcol.co\/es\/school-news\/conversemos-sobre-educacion-que-paso-que-ha-pasado-y-hacia-donde-vamos\/\",\"url\":\"https:\/\/redcol.co\/es\/school-news\/conversemos-sobre-educacion-que-paso-que-ha-pasado-y-hacia-donde-vamos\/\",\"name\":\"Conversemos sobre educaci\u00f3n: Qu\u00e9 pas\u00f3, qu\u00e9 ha pasado y hacia d\u00f3nde vamos. - Redcol\",\"isPartOf\":{\"@id\":\"https:\/\/redcol.co\/es\/#website\"},\"primaryImageOfPage\":{\"@id\":\"https:\/\/redcol.co\/es\/school-news\/conversemos-sobre-educacion-que-paso-que-ha-pasado-y-hacia-donde-vamos\/#primaryimage\"},\"image\":{\"@id\":\"https:\/\/redcol.co\/es\/school-news\/conversemos-sobre-educacion-que-paso-que-ha-pasado-y-hacia-donde-vamos\/#primaryimage\"},\"thumbnailUrl\":\"https:\/\/redcol.co\/wp-content\/uploads\/sites\/51\/2025\/03\/desktop-mejores-colegios.-santamarta-colombia-educacion-redcol.png\",\"datePublished\":\"2020-12-17T21:57:21+00:00\",\"breadcrumb\":{\"@id\":\"https:\/\/redcol.co\/es\/school-news\/conversemos-sobre-educacion-que-paso-que-ha-pasado-y-hacia-donde-vamos\/#breadcrumb\"},\"inLanguage\":\"es\",\"potentialAction\":[{\"@type\":\"ReadAction\",\"target\":[\"https:\/\/redcol.co\/es\/school-news\/conversemos-sobre-educacion-que-paso-que-ha-pasado-y-hacia-donde-vamos\/\"]}]},{\"@type\":\"ImageObject\",\"inLanguage\":\"es\",\"@id\":\"https:\/\/redcol.co\/es\/school-news\/conversemos-sobre-educacion-que-paso-que-ha-pasado-y-hacia-donde-vamos\/#primaryimage\",\"url\":\"https:\/\/redcol.co\/wp-content\/uploads\/sites\/51\/2025\/03\/desktop-mejores-colegios.-santamarta-colombia-educacion-redcol.png\",\"contentUrl\":\"https:\/\/redcol.co\/wp-content\/uploads\/sites\/51\/2025\/03\/desktop-mejores-colegios.-santamarta-colombia-educacion-redcol.png\",\"width\":1920,\"height\":700},{\"@type\":\"BreadcrumbList\",\"@id\":\"https:\/\/redcol.co\/es\/school-news\/conversemos-sobre-educacion-que-paso-que-ha-pasado-y-hacia-donde-vamos\/#breadcrumb\",\"itemListElement\":[{\"@type\":\"ListItem\",\"position\":1,\"name\":\"Home\",\"item\":\"https:\/\/redcol.co\/es\/\"},{\"@type\":\"ListItem\",\"position\":2,\"name\":\"Conversemos sobre educaci\u00f3n: Qu\u00e9 pas\u00f3, qu\u00e9 ha pasado y hacia d\u00f3nde vamos.\"}]},{\"@type\":\"WebSite\",\"@id\":\"https:\/\/redcol.co\/es\/#website\",\"url\":\"https:\/\/redcol.co\/es\/\",\"name\":\"Redcol\",\"description\":\"\",\"publisher\":{\"@id\":\"https:\/\/redcol.co\/es\/#organization\"},\"potentialAction\":[{\"@type\":\"SearchAction\",\"target\":{\"@type\":\"EntryPoint\",\"urlTemplate\":\"https:\/\/redcol.co\/es\/?s={search_term_string}\"},\"query-input\":{\"@type\":\"PropertyValueSpecification\",\"valueRequired\":true,\"valueName\":\"search_term_string\"}}],\"inLanguage\":\"es\"},{\"@type\":\"Organization\",\"@id\":\"https:\/\/redcol.co\/es\/#organization\",\"name\":\"Redcol\",\"url\":\"https:\/\/redcol.co\/es\/\",\"logo\":{\"@type\":\"ImageObject\",\"inLanguage\":\"es\",\"@id\":\"https:\/\/redcol.co\/es\/#\/schema\/logo\/image\/\",\"url\":\"https:\/\/redcol.co\/wp-content\/uploads\/sites\/51\/2025\/03\/logo-color-38.png\",\"contentUrl\":\"https:\/\/redcol.co\/wp-content\/uploads\/sites\/51\/2025\/03\/logo-color-38.png\",\"width\":5110,\"height\":1020,\"caption\":\"Redcol\"},\"image\":{\"@id\":\"https:\/\/redcol.co\/es\/#\/schema\/logo\/image\/\"},\"sameAs\":[\"https:\/\/www.facebook.com\/redcolholdingSAS\",\"https:\/\/www.instagram.com\/redcolholding\/\",\"https:\/\/www.youtube.com\/channel\/UC_mTM-cU4nAoCWceVW7oqoA\",\"https:\/\/www.linkedin.com\/company\/10804270\/admin\/\"]}]}<\/script>\n<!-- \/ Yoast SEO plugin. -->","yoast_head_json":{"title":"Conversemos sobre educaci\u00f3n: Qu\u00e9 pas\u00f3, qu\u00e9 ha pasado y hacia d\u00f3nde vamos. - Redcol","robots":{"index":"index","follow":"follow","max-snippet":"max-snippet:-1","max-image-preview":"max-image-preview:large","max-video-preview":"max-video-preview:-1"},"canonical":"https:\/\/redcol.co\/es\/school-news\/conversemos-sobre-educacion-que-paso-que-ha-pasado-y-hacia-donde-vamos\/","og_locale":"es_ES","og_type":"article","og_title":"Conversemos sobre educaci\u00f3n: Qu\u00e9 pas\u00f3, qu\u00e9 ha pasado y hacia d\u00f3nde vamos. - Redcol","og_description":"El pasado mi\u00e9rcoles 2 de diciembre nuestra instituci\u00f3n Bureche School llev\u00f3 a cabo el evento virtual Conversemos sobre educaci\u00f3n: Qu\u00e9 pas\u00f3, qu\u00e9 ha pasado y hacia d\u00f3nde vamos. El encuentro [&hellip;]","og_url":"https:\/\/redcol.co\/es\/school-news\/conversemos-sobre-educacion-que-paso-que-ha-pasado-y-hacia-donde-vamos\/","og_site_name":"Redcol","article_publisher":"https:\/\/www.facebook.com\/redcolholdingSAS","og_image":[{"width":1920,"height":700,"url":"https:\/\/redcol.co\/wp-content\/uploads\/sites\/51\/2025\/03\/desktop-mejores-colegios.-santamarta-colombia-educacion-redcol.png","type":"image\/png"}],"twitter_card":"summary_large_image","twitter_misc":{"Tiempo de lectura":"1 minuto"},"schema":{"@context":"https:\/\/schema.org","@graph":[{"@type":"WebPage","@id":"https:\/\/redcol.co\/es\/school-news\/conversemos-sobre-educacion-que-paso-que-ha-pasado-y-hacia-donde-vamos\/","url":"https:\/\/redcol.co\/es\/school-news\/conversemos-sobre-educacion-que-paso-que-ha-pasado-y-hacia-donde-vamos\/","name":"Conversemos sobre educaci\u00f3n: Qu\u00e9 pas\u00f3, qu\u00e9 ha pasado y hacia d\u00f3nde vamos. - Redcol","isPartOf":{"@id":"https:\/\/redcol.co\/es\/#website"},"primaryImageOfPage":{"@id":"https:\/\/redcol.co\/es\/school-news\/conversemos-sobre-educacion-que-paso-que-ha-pasado-y-hacia-donde-vamos\/#primaryimage"},"image":{"@id":"https:\/\/redcol.co\/es\/school-news\/conversemos-sobre-educacion-que-paso-que-ha-pasado-y-hacia-donde-vamos\/#primaryimage"},"thumbnailUrl":"https:\/\/redcol.co\/wp-content\/uploads\/sites\/51\/2025\/03\/desktop-mejores-colegios.-santamarta-colombia-educacion-redcol.png","datePublished":"2020-12-17T21:57:21+00:00","breadcrumb":{"@id":"https:\/\/redcol.co\/es\/school-news\/conversemos-sobre-educacion-que-paso-que-ha-pasado-y-hacia-donde-vamos\/#breadcrumb"},"inLanguage":"es","potentialAction":[{"@type":"ReadAction","target":["https:\/\/redcol.co\/es\/school-news\/conversemos-sobre-educacion-que-paso-que-ha-pasado-y-hacia-donde-vamos\/"]}]},{"@type":"ImageObject","inLanguage":"es","@id":"https:\/\/redcol.co\/es\/school-news\/conversemos-sobre-educacion-que-paso-que-ha-pasado-y-hacia-donde-vamos\/#primaryimage","url":"https:\/\/redcol.co\/wp-content\/uploads\/sites\/51\/2025\/03\/desktop-mejores-colegios.-santamarta-colombia-educacion-redcol.png","contentUrl":"https:\/\/redcol.co\/wp-content\/uploads\/sites\/51\/2025\/03\/desktop-mejores-colegios.-santamarta-colombia-educacion-redcol.png","width":1920,"height":700},{"@type":"BreadcrumbList","@id":"https:\/\/redcol.co\/es\/school-news\/conversemos-sobre-educacion-que-paso-que-ha-pasado-y-hacia-donde-vamos\/#breadcrumb","itemListElement":[{"@type":"ListItem","position":1,"name":"Home","item":"https:\/\/redcol.co\/es\/"},{"@type":"ListItem","position":2,"name":"Conversemos sobre educaci\u00f3n: Qu\u00e9 pas\u00f3, qu\u00e9 ha pasado y hacia d\u00f3nde vamos."}]},{"@type":"WebSite","@id":"https:\/\/redcol.co\/es\/#website","url":"https:\/\/redcol.co\/es\/","name":"Redcol","description":"","publisher":{"@id":"https:\/\/redcol.co\/es\/#organization"},"potentialAction":[{"@type":"SearchAction","target":{"@type":"EntryPoint","urlTemplate":"https:\/\/redcol.co\/es\/?s={search_term_string}"},"query-input":{"@type":"PropertyValueSpecification","valueRequired":true,"valueName":"search_term_string"}}],"inLanguage":"es"},{"@type":"Organization","@id":"https:\/\/redcol.co\/es\/#organization","name":"Redcol","url":"https:\/\/redcol.co\/es\/","logo":{"@type":"ImageObject","inLanguage":"es","@id":"https:\/\/redcol.co\/es\/#\/schema\/logo\/image\/","url":"https:\/\/redcol.co\/wp-content\/uploads\/sites\/51\/2025\/03\/logo-color-38.png","contentUrl":"https:\/\/redcol.co\/wp-content\/uploads\/sites\/51\/2025\/03\/logo-color-38.png","width":5110,"height":1020,"caption":"Redcol"},"image":{"@id":"https:\/\/redcol.co\/es\/#\/schema\/logo\/image\/"},"sameAs":["https:\/\/www.facebook.com\/redcolholdingSAS","https:\/\/www.instagram.com\/redcolholding\/","https:\/\/www.youtube.com\/channel\/UC_mTM-cU4nAoCWceVW7oqoA","https:\/\/www.linkedin.com\/company\/10804270\/admin\/"]}]}},"jetpack_sharing_enabled":true,"_links":{"self":[{"href":"https:\/\/redcol.co\/es\/wp-json\/wp\/v2\/school-news\/226","targetHints":{"allow":["GET"]}}],"collection":[{"href":"https:\/\/redcol.co\/es\/wp-json\/wp\/v2\/school-news"}],"about":[{"href":"https:\/\/redcol.co\/es\/wp-json\/wp\/v2\/types\/school-news"}],"version-history":[{"count":0,"href":"https:\/\/redcol.co\/es\/wp-json\/wp\/v2\/school-news\/226\/revisions"}],"wp:featuredmedia":[{"embeddable":true,"href":"https:\/\/redcol.co\/es\/wp-json\/wp\/v2\/media\/227"}],"wp:attachment":[{"href":"https:\/\/redcol.co\/es\/wp-json\/wp\/v2\/media?parent=226"}],"curies":[{"name":"wp","href":"https:\/\/api.w.org\/{rel}","templated":true}]}}